{"id":9498,"date":"2023-06-29T11:44:50","date_gmt":"2023-06-29T10:44:50","guid":{"rendered":"https:\/\/www.kiwoko.pt\/blog\/?p=9498"},"modified":"2023-06-29T11:47:26","modified_gmt":"2023-06-29T10:47:26","slug":"adote-outra-vida-nas-lojas-kiwoko","status":"publish","type":"post","link":"https:\/\/www.kiwoko.pt\/blog\/adote-outra-vida-nas-lojas-kiwoko\/","title":{"rendered":"<strong>Adote outra Vida nas lojas Kiwoko<\/strong>"},"content":{"rendered":"<!-- wp:paragraph -->\n<p>Nos dias <strong>1 e 2 de julho<\/strong> para al\u00e9m da recolha habitual de alimentos poder\u00e1 adotar nas nossas lojas um amigo para sempre!<\/p>\n<!-- \/wp:paragraph -->\n\n<!-- wp:heading -->\n<h2>Est\u00e1 a pensar em adotar um animal?<\/h2>\n<!-- \/wp:heading -->\n\n<!-- wp:paragraph -->\n<p>Visite-nos e ser\u00e1 amor \u00e0 primeira vista! Uma protetora passar\u00e1 os dois dias connosco e trar\u00e1 consigo v\u00e1rios animais que necessitam de um lar para sempre.<\/p>\n<!-- \/wp:paragraph -->\n\n<!-- wp:paragraph -->\n<p>Nos dias <strong>1 e 2 de julho <\/strong>teremos nas nossas lojas as seguintes associa\u00e7\u00f5es com c\u00e3es e gatos para a ado\u00e7\u00e3o:<\/p>\n<!-- \/wp:paragraph -->\n\n<!-- wp:list -->\n<ul><!-- wp:list-item -->\n<li><strong>Coimbra Mondego Retail Park -<\/strong> Associa\u00e7\u00e3o Movimento de Prote\u00e7\u00e3o \u00e0s Matilhas de Coimbra<\/li>\n<!-- \/wp:list-item -->\n\n<!-- wp:list-item -->\n<li><strong>Leiria Lis Shopping - APAMG:<\/strong> Associa\u00e7\u00e3o Protetora de Animais da Marinha Grande<\/li>\n<!-- \/wp:list-item -->\n\n<!-- wp:list-item -->\n<li><strong>Lisboa Ubbo -<\/strong> Associa\u00e7\u00e3o Tiarama<\/li>\n<!-- \/wp:list-item -->\n\n<!-- wp:list-item -->\n<li><strong>Matosinhos Retail Park -<\/strong> ComRa\u00e7a - Equipa de Resgate Animal<\/li>\n<!-- \/wp:list-item -->\n\n<!-- wp:list-item -->\n<li><strong>Set\u00fabal Retail Park<\/strong> - Associa\u00e7\u00e3o Cento e Um Rafeiros<\/li>\n<!-- \/wp:list-item -->\n\n<!-- wp:list-item -->\n<li><strong>Sintra Retail Park<\/strong> \u2013 Associa\u00e7\u00e3o NAAAS - N\u00facleo de Apoio a Animais Abandonados de Sintra<\/li>\n<!-- \/wp:list-item --><\/ul>\n<!-- \/wp:list -->\n\n<!-- wp:paragraph -->\n<p>Na <strong>Kiwoko<\/strong> damos visibilidade para encontrar uma fam\u00edlia para os animais sem lar. O processo de ado\u00e7\u00e3o \u00e9 gerido diretamente pela associa\u00e7\u00e3o de prote\u00e7\u00e3o animal, pelo que antes de lev\u00e1-lo para casa, dever\u00e1 realizar todos o protocolo necess\u00e1rio.<\/p>\n<!-- \/wp:paragraph -->\n\n<!-- wp:image {\"align\":\"center\",\"id\":9501,\"sizeSlug\":\"full\",\"linkDestination\":\"none\"} -->\n<figure class=\"wp-block-image aligncenter size-full\"><img decoding=\"async\" width=\"640\" height=\"640\" data-src=\"https:\/\/www.kiwoko.pt\/blog\/wp-content\/uploads\/2023\/06\/adote-outra-vida-luna-and-rex.png\" alt=\"adopte outra vida\n\" class=\"wp-image-9501 lazyload\" src=\"data:image\/svg+xml;base64,PHN2ZyB3aWR0aD0iMSIgaGVpZ2h0PSIxIiB4bWxucz0iaHR0cDovL3d3dy53My5vcmcvMjAwMC9zdmciPjwvc3ZnPg==\" style=\"--smush-placeholder-width: 640px; --smush-placeholder-aspect-ratio: 640\/640;\" \/><\/figure>\n<!-- \/wp:image -->\n\n<!-- wp:heading {\"level\":3} -->\n<h3>Neste fim de semana poder\u00e1 contribuir com o seu donativo nas seguintes lojas:<\/h3>\n<!-- \/wp:heading -->\n\n<!-- wp:table {\"className\":\"is-style-stripes\"} -->\n<figure class=\"wp-block-table is-style-stripes\"><table><tbody><tr><td>Algarve Marshopping Loul\u00e9 - Associa\u00e7\u00e3o dos Amigos dos Animais Abandonados de Loul\u00e9 - Canil de S\u00e3o Francisco de Assis<\/td><\/tr><tr><td>Algarve Portim\u00e3o Retail Center - Associa\u00e7\u00e3o APAA \/ Associa\u00e7\u00e3o de Protec\u00e7\u00e3o ao Animal do Algarve<\/td><\/tr><tr><td>Aveiro Retail Park - Associa\u00e7\u00e3o Patudos Vagos<\/td><\/tr><tr><td>Braga Nova Arcada - Associa\u00e7\u00e3o Abrigo da Luna Associa\u00e7\u00e3o de Protec\u00e7\u00e3o e Ado\u00e7\u00e3o de Animais sem Lar<\/td><\/tr><tr><td>Coimbra Mondego Retail Park - Associa\u00e7\u00e3o Movimento de Prote\u00e7\u00e3o \u00e0s Matilhas de Coimbra<\/td><\/tr><tr><td>Figueira da Foz C.C. Foz Plaza - Associa\u00e7\u00e3o GADAFF<\/td><\/tr><tr><td>Guarda Jom Retail Park \u2013 Associa\u00e7\u00f5es QOASMI<\/td><\/tr><tr><td>Guimar\u00e3es Retail Park Espa\u00e7o Guimar\u00e3es - Associa\u00e7\u00f5es Gatil Sim\u00e3ozinho e Bigodes de Ouro<\/td><\/tr><tr><td>Leiria Lis Shopping - APAMG: Associa\u00e7\u00e3o Protetora de Animais da Marinha Grande<\/td><\/tr><tr><td>Lisboa C. C. Campo Pequeno - Associa\u00e7\u00e3o SOS Animais de Moura<\/td><\/tr><tr><td>Lisboa Gare do Oriente - Associa\u00e7\u00e3o O Abrigo da BicharadaLisboa Ubbo - Associa\u00e7\u00e3o Tiarama<\/td><\/tr><tr><td>Loures C. C. Continente de Loures - Os Xanecos<\/td><\/tr><tr><td>Matosinhos Mar shopping - Associa\u00e7\u00e3o<\/td><\/tr><tr><td>Matosinhos Retail Park - ComRa\u00e7a - Equipa de Resgate Animal<\/td><\/tr><tr><td>Montijo Alegro - Associa\u00e7\u00e3o Anjo Animal (Cantinho Anjo Animal)<\/td><\/tr><tr><td>Santar\u00e9m Retail Park - Associa\u00e7\u00e3o Amigos dos Animais de Rio Maior<\/td><\/tr><tr><td>S\u00e3o Jo\u00e3o da Madeira C.C. 8\u00aa Avenida \u2013 Associa\u00e7\u00e3o Ani S\u00e3o-Jo\u00e3o<\/td><\/tr><tr><td>Seixal Rio Sul Shopping - Associa\u00e7\u00e3o Amigos dos Animais do Seixal<\/td><\/tr><tr><td>Set\u00fabal Retail Park - Associa\u00e7\u00e3o Cento e Um Rafeiros<\/td><\/tr><tr><td>Sintra Retail Park \u2013 Associa\u00e7\u00e3o NAAAS - N\u00facleo de Apoio a Animais Abandonados de Sintra<\/td><\/tr><tr><td>Viana do Castelo Lima Retail Park - Associa\u00e7\u00e3o Gatos de Ningu\u00e9m<\/td><\/tr><tr><td>Vila Nova de Gaia Arr\u00e1bida shopping \u2013 Associa\u00e7\u00e3o ComRa\u00e7a - Equipa de Resgate Animal<\/td><\/tr><tr><td>Vila Nova de Gaia Gaia Focus Park - Associa\u00e7\u00e3o Senhores Bichinhos<\/td><\/tr><tr><td>Vila Real Nosso Shopping - Plataforma Proanimal - Associa\u00e7\u00e3o Prote\u00e7\u00e3o Animal de Vila Real<\/td><\/tr><\/tbody><\/table><\/figure>\n<!-- \/wp:table -->\n\n<!-- wp:paragraph {\"style\":{\"color\":{\"background\":\"#f0f0f0\"}}} -->\n<p class=\"has-background\" style=\"background-color:#f0f0f0\">A ado\u00e7\u00e3o de um animal de estima\u00e7\u00e3o \u00e9 um dos gestos mais carinhosos que se pode fazer a um animal. Encher\u00e1 o seu cora\u00e7\u00e3o de alegria!<\/p>\n<!-- \/wp:paragraph -->","protected":false},"excerpt":{"rendered":"<p>Nos dias 1 e 2 de julho para al\u00e9m da recolha habitual de alimentos poder\u00e1 adotar nas nossas lojas um amigo para sempre! Est\u00e1 a pensar em adotar um animal? Visite-nos e ser\u00e1 amor \u00e0 primeira vista! Uma protetora passar\u00e1 os dois dias connosco e trar\u00e1 consigo v\u00e1rios animais que necessitam de um lar para [&hellip;]<\/p>\n","protected":false},"author":23,"featured_media":9499,"comment_status":"open","ping_status":"open","sticky":false,"template":"","format":"standard","meta":{"_acf_changed":false,"_uag_custom_page_level_css":"","footnotes":""},"categories":[60],"tags":[75],"class_list":["post-9498","post","type-post","status-publish","format-standard","has-post-thumbnail","hentry","category-atualidade","tag-adocao"],"acf":[],"uagb_featured_image_src":{"full":["https:\/\/www.kiwoko.pt\/blog\/wp-content\/uploads\/2023\/06\/adopte-outra-vida.png",543,154,false],"thumbnail":["https:\/\/www.kiwoko.pt\/blog\/wp-content\/uploads\/2023\/06\/adopte-outra-vida.png",150,43,false],"medium":["https:\/\/www.kiwoko.pt\/blog\/wp-content\/uploads\/2023\/06\/adopte-outra-vida.png",300,85,false],"medium_large":["https:\/\/www.kiwoko.pt\/blog\/wp-content\/uploads\/2023\/06\/adopte-outra-vida.png",543,154,false],"large":["https:\/\/www.kiwoko.pt\/blog\/wp-content\/uploads\/2023\/06\/adopte-outra-vida.png",543,154,false],"1536x1536":["https:\/\/www.kiwoko.pt\/blog\/wp-content\/uploads\/2023\/06\/adopte-outra-vida.png",543,154,false],"2048x2048":["https:\/\/www.kiwoko.pt\/blog\/wp-content\/uploads\/2023\/06\/adopte-outra-vida.png",543,154,false]},"uagb_author_info":{"display_name":"Carla","author_link":"https:\/\/www.kiwoko.pt\/blog\/author\/carla\/"},"uagb_comment_info":0,"uagb_excerpt":"Nos dias 1 e 2 de julho para al\u00e9m da recolha habitual de alimentos poder\u00e1 adotar nas nossas lojas um amigo para sempre! Est\u00e1 a pensar em adotar um animal? Visite-nos e ser\u00e1 amor \u00e0 primeira vista! Uma protetora passar\u00e1 os dois dias connosco e trar\u00e1 consigo v\u00e1rios animais que necessitam de um lar para&hellip;","_links":{"self":[{"href":"https:\/\/www.kiwoko.pt\/blog\/wp-json\/wp\/v2\/posts\/9498","targetHints":{"allow":["GET"]}}],"collection":[{"href":"https:\/\/www.kiwoko.pt\/blog\/wp-json\/wp\/v2\/posts"}],"about":[{"href":"https:\/\/www.kiwoko.pt\/blog\/wp-json\/wp\/v2\/types\/post"}],"author":[{"embeddable":true,"href":"https:\/\/www.kiwoko.pt\/blog\/wp-json\/wp\/v2\/users\/23"}],"replies":[{"embeddable":true,"href":"https:\/\/www.kiwoko.pt\/blog\/wp-json\/wp\/v2\/comments?post=9498"}],"version-history":[{"count":3,"href":"https:\/\/www.kiwoko.pt\/blog\/wp-json\/wp\/v2\/posts\/9498\/revisions"}],"predecessor-version":[{"id":9504,"href":"https:\/\/www.kiwoko.pt\/blog\/wp-json\/wp\/v2\/posts\/9498\/revisions\/9504"}],"wp:featuredmedia":[{"embeddable":true,"href":"https:\/\/www.kiwoko.pt\/blog\/wp-json\/wp\/v2\/media\/9499"}],"wp:attachment":[{"href":"https:\/\/www.kiwoko.pt\/blog\/wp-json\/wp\/v2\/media?parent=9498"}],"wp:term":[{"taxonomy":"category","embeddable":true,"href":"https:\/\/www.kiwoko.pt\/blog\/wp-json\/wp\/v2\/categories?post=9498"},{"taxonomy":"post_tag","embeddable":true,"href":"https:\/\/www.kiwoko.pt\/blog\/wp-json\/wp\/v2\/tags?post=9498"}],"curies":[{"name":"wp","href":"https:\/\/api.w.org\/{rel}","templated":true}]}}