{"id":3581,"date":"2022-01-26T09:00:00","date_gmt":"2022-01-26T09:00:00","guid":{"rendered":"https:\/\/www.kiwoko.pt\/blog\/?p=3581"},"modified":"2023-04-21T11:37:23","modified_gmt":"2023-04-21T10:37:23","slug":"pastor-belga-conselhos-cuidados-e-caracteristicas","status":"publish","type":"post","link":"https:\/\/www.kiwoko.pt\/blog\/ficha-raca-pastor-belga\/","title":{"rendered":"Pastor Belga: Conselhos, Cuidados e Caracter\u00edsticas"},"content":{"rendered":"<!-- wp:html -->\n<div class=\"row\" style=\"margin-bottom: 15px; margin-top: 25px;\">\n<div class=\" col-md-6\">\n<div class=\" col-md-12 mb-2\"><i class=\"fa fa-id-card \" style=\"font-size: 20px;\"><\/i> <b>Nome:<\/b> Pastor Belga, Pastor-belga-malinois, Pastor belga tervuerense, Pastor Belga Laekenois, Pastor belga groenendael <\/div>\n<div class=\" col-md-12 mb-2\"><i class=\"fa fa-globe \" style=\"font-size: 20px;\"><\/i> <b>Origem:<\/b> B\u00e9lgica <\/div>\n<div class=\" col-md-12 mb-2\"><i class=\"fa fa-calendar \" style=\"font-size: 20px;\"><\/i> <b>Esperan\u00e7a  m\u00e9dia de vida:<\/b> 10-12 anos <\/div>\n<div class=\" col-md-12 mb-2\"><i class=\"fa fa-cut \" style=\"font-size: 20px;\"><\/i> <b>Pelo:<\/b> Curto, longo, liso, \u00e1spero <\/div>\n<\/div>\n<div class=\" col-md-6\">\n<div class=\" col-md-12 mb-2\"><i class=\"fa fa-ruler-vertical \" style=\"font-size: 20px;\"><\/i> <b>Altura:<\/b>&nbsp; 56-66 cm <\/div>\n<div class=\" col-md-12 mb-2\"><i class=\"fa fa-balance-scale \" style=\"font-size: 20px;\"><\/i> <b>Peso:<\/b>&nbsp;  20-30 kg <\/div>\n<div class=\" col-md-11 mb-2\"><i class=\"fa fa-handshake\" style=\"font-size: 20px;\"><\/i> <b>Temperamento:<\/b> Carinhoso, protetor <\/div>\n<div class=\" col-md-11 mb-2\"><i class=\"fa fa-heartbeat\" style=\"font-size: 20px;\"><\/i> <b>Necessidades:<\/b> Necessidades:&nbsp;Escovagem, rotina de exerc\u00edcio f\u00edsico <\/div>\n<div class=\" col-md-11 mb-2\"><i class=\"fa fa-briefcase\" style=\"font-size: 20px;\"><\/i> <b>Aptid\u00e3o:<\/b> Pastoreio, guarda, donos experientes <\/div>\n<\/div>\n<\/div>\n<!-- \/wp:html -->\n\n<!-- wp:heading -->\n<h2><strong>Origem do Pastor Belga<\/strong><\/h2>\n<!-- \/wp:heading -->\n\n<!-- wp:paragraph -->\n<p>O Pastor Belga tem a sua origem em <strong>1890<\/strong>, quando um professor da Faculdade de Ci\u00eancias Veterin\u00e1rias da B\u00e9lgica estabeleceu os <strong>padr\u00f5es para as diferentes variedades<\/strong> desta ra\u00e7a de c\u00e3o: Groenendael, Tervueren, Laekenois e Malinois, que por sua vez receberam o nome das zonas belgas de onde s\u00e3o origin\u00e1rios.&nbsp;<\/p>\n<!-- \/wp:paragraph -->\n\n<!-- wp:paragraph -->\n<p>Independentemente da variedade, o Pastor Belga caracteriza-se por ser uma <strong>ra\u00e7a de c\u00e3o inteligente e ativa<\/strong> que pode ser treinada para desempenhar diferentes fun\u00e7\u00f5es como o fizeram em ambas as Guerras Mundiais, quando trabalharam como portadores de mensagens, entre outros trabalhos.<\/p>\n<!-- \/wp:paragraph -->\n\n<!-- wp:heading -->\n<h2><strong>Tipos de Pastor Belga<\/strong><\/h2>\n<!-- \/wp:heading -->\n\n<!-- wp:paragraph -->\n<p>Como mencionamos anteriormente, existem diferentes variedades desta ra\u00e7a de c\u00e3o em fun\u00e7\u00e3o do tipo de pelagem que apresentam com uma extensa paleta de cores.&nbsp;<\/p>\n<!-- \/wp:paragraph -->\n\n<!-- wp:heading {\"level\":3} -->\n<h3><strong>Tipo de pelo<\/strong><\/h3>\n<!-- \/wp:heading -->\n\n<!-- wp:paragraph -->\n<p>As variedades de Pastor Belga reconhecidas pela sua classe de pelagem, s\u00e3o:&nbsp;<\/p>\n<!-- \/wp:paragraph -->\n\n<!-- wp:list -->\n<ul><li><strong>Pastor Belga Malinois<\/strong>: a primeira variedade reconhecida como tal e possivelmente tamb\u00e9m a mais popular. O seu pelo \u00e9 curto e costuma ser de cor castanho claro, vermelho ou cinza, apresentando um tom preto nas pontas. A sua face e orelhas tamb\u00e9m s\u00e3o de cor preta.&nbsp;&nbsp;<\/li><li><strong>Pastor Belga Groenendael<\/strong>: aqui destaca-se o Pastor Belga preto, cujo pelo \u00e9 longo.&nbsp;<\/li><li><strong>Pastor Belga Tervueren<\/strong>: o seu pelo tamb\u00e9m \u00e9 longo, tendo cores semelhantes ao Malinois.&nbsp;<\/li><li><strong>Pastor Belga Laekenois<\/strong>: o seu pelo \u00e9 do tipo \u00e1spero, al\u00e9m de ser resistente \u00e0s altera\u00e7\u00f5es clim\u00e1ticas. No que diz respeito aos tons que apresenta, destacam-se o vermelho e o preto, localizados sobretudo no focinho e na cauda.&nbsp;<\/li><\/ul>\n<!-- \/wp:list -->\n\n<!-- wp:gallery {\"ids\":[3618,3619,3620,3617],\"linkTo\":\"none\"} -->\n<figure class=\"wp-block-gallery columns-3 is-cropped\"><ul class=\"blocks-gallery-grid\"><li class=\"blocks-gallery-item\"><figure><img decoding=\"async\" width=\"640\" height=\"640\" data-src=\"https:\/\/www.kiwoko.pt\/blog\/wp-content\/uploads\/2022\/01\/pastor-belga-malinois.jpg\" alt=\"\" data-id=\"3618\" data-full-url=\"https:\/\/www.kiwoko.pt\/blog\/wp-content\/uploads\/2022\/01\/pastor-belga-malinois.jpg\" data-link=\"https:\/\/www.kiwoko.pt\/blog\/?attachment_id=3618\" class=\"wp-image-3618 lazyload\" data-srcset=\"https:\/\/www.kiwoko.pt\/blog\/wp-content\/uploads\/2022\/01\/pastor-belga-malinois.jpg 640w, https:\/\/www.kiwoko.pt\/blog\/wp-content\/uploads\/2022\/01\/pastor-belga-malinois-300x300.jpg 300w, https:\/\/www.kiwoko.pt\/blog\/wp-content\/uploads\/2022\/01\/pastor-belga-malinois-150x150.jpg 150w\" data-sizes=\"(max-width: 640px) 100vw, 640px\" src=\"data:image\/svg+xml;base64,PHN2ZyB3aWR0aD0iMSIgaGVpZ2h0PSIxIiB4bWxucz0iaHR0cDovL3d3dy53My5vcmcvMjAwMC9zdmciPjwvc3ZnPg==\" style=\"--smush-placeholder-width: 640px; --smush-placeholder-aspect-ratio: 640\/640;\" \/><figcaption class=\"blocks-gallery-item__caption\"> <li><strong>Pastor Belga Malinois<\/strong><\/li><\/figcaption><\/figure><\/li><li class=\"blocks-gallery-item\"><figure><img decoding=\"async\" width=\"640\" height=\"640\" data-src=\"https:\/\/www.kiwoko.pt\/blog\/wp-content\/uploads\/2022\/01\/pastor-belga-groenendael.jpg\" alt=\"\" data-id=\"3619\" data-full-url=\"https:\/\/www.kiwoko.pt\/blog\/wp-content\/uploads\/2022\/01\/pastor-belga-groenendael.jpg\" data-link=\"https:\/\/www.kiwoko.pt\/blog\/?attachment_id=3619\" class=\"wp-image-3619 lazyload\" data-srcset=\"https:\/\/www.kiwoko.pt\/blog\/wp-content\/uploads\/2022\/01\/pastor-belga-groenendael.jpg 640w, https:\/\/www.kiwoko.pt\/blog\/wp-content\/uploads\/2022\/01\/pastor-belga-groenendael-300x300.jpg 300w, https:\/\/www.kiwoko.pt\/blog\/wp-content\/uploads\/2022\/01\/pastor-belga-groenendael-150x150.jpg 150w\" data-sizes=\"(max-width: 640px) 100vw, 640px\" src=\"data:image\/svg+xml;base64,PHN2ZyB3aWR0aD0iMSIgaGVpZ2h0PSIxIiB4bWxucz0iaHR0cDovL3d3dy53My5vcmcvMjAwMC9zdmciPjwvc3ZnPg==\" style=\"--smush-placeholder-width: 640px; --smush-placeholder-aspect-ratio: 640\/640;\" \/><figcaption class=\"blocks-gallery-item__caption\"> <li><strong>Pastor Belga Groenendael<\/strong><\/li><\/figcaption><\/figure><\/li><li class=\"blocks-gallery-item\"><figure><img decoding=\"async\" width=\"640\" height=\"640\" data-src=\"https:\/\/www.kiwoko.pt\/blog\/wp-content\/uploads\/2022\/01\/pastor-belga-tervueren.jpg\" alt=\"\" data-id=\"3620\" data-full-url=\"https:\/\/www.kiwoko.pt\/blog\/wp-content\/uploads\/2022\/01\/pastor-belga-tervueren.jpg\" data-link=\"https:\/\/www.kiwoko.pt\/blog\/?attachment_id=3620\" class=\"wp-image-3620 lazyload\" data-srcset=\"https:\/\/www.kiwoko.pt\/blog\/wp-content\/uploads\/2022\/01\/pastor-belga-tervueren.jpg 640w, https:\/\/www.kiwoko.pt\/blog\/wp-content\/uploads\/2022\/01\/pastor-belga-tervueren-300x300.jpg 300w, https:\/\/www.kiwoko.pt\/blog\/wp-content\/uploads\/2022\/01\/pastor-belga-tervueren-150x150.jpg 150w\" data-sizes=\"(max-width: 640px) 100vw, 640px\" src=\"data:image\/svg+xml;base64,PHN2ZyB3aWR0aD0iMSIgaGVpZ2h0PSIxIiB4bWxucz0iaHR0cDovL3d3dy53My5vcmcvMjAwMC9zdmciPjwvc3ZnPg==\" style=\"--smush-placeholder-width: 640px; --smush-placeholder-aspect-ratio: 640\/640;\" \/><figcaption class=\"blocks-gallery-item__caption\"> <li><strong>Pastor Belga Tervueren<\/strong><\/li><\/figcaption><\/figure><\/li><li class=\"blocks-gallery-item\"><figure><img decoding=\"async\" width=\"900\" height=\"625\" data-src=\"https:\/\/www.kiwoko.pt\/blog\/wp-content\/uploads\/2022\/01\/Pastor-Belga-Laekenois.jpg\" alt=\"\" data-id=\"3617\" data-full-url=\"https:\/\/www.kiwoko.pt\/blog\/wp-content\/uploads\/2022\/01\/Pastor-Belga-Laekenois.jpg\" data-link=\"https:\/\/www.kiwoko.pt\/blog\/?attachment_id=3617\" class=\"wp-image-3617 lazyload\" data-srcset=\"https:\/\/www.kiwoko.pt\/blog\/wp-content\/uploads\/2022\/01\/Pastor-Belga-Laekenois.jpg 900w, https:\/\/www.kiwoko.pt\/blog\/wp-content\/uploads\/2022\/01\/Pastor-Belga-Laekenois-300x208.jpg 300w, https:\/\/www.kiwoko.pt\/blog\/wp-content\/uploads\/2022\/01\/Pastor-Belga-Laekenois-768x533.jpg 768w\" data-sizes=\"(max-width: 900px) 100vw, 900px\" src=\"data:image\/svg+xml;base64,PHN2ZyB3aWR0aD0iMSIgaGVpZ2h0PSIxIiB4bWxucz0iaHR0cDovL3d3dy53My5vcmcvMjAwMC9zdmciPjwvc3ZnPg==\" style=\"--smush-placeholder-width: 900px; --smush-placeholder-aspect-ratio: 900\/625;\" \/><figcaption class=\"blocks-gallery-item__caption\"> <li><strong>Pastor Belga Laekenois<\/strong><\/li><\/figcaption><\/figure><\/li><\/ul><\/figure>\n<!-- \/wp:gallery -->\n\n<!-- wp:heading -->\n<h2><strong>Car\u00e1cter e comportamento do Pastor belga<\/strong><\/h2>\n<!-- \/wp:heading -->\n\n<!-- wp:paragraph -->\n<p>O Pastor Belga \u00e9 uma ra\u00e7a de c\u00e3o que se caracteriza por ser <strong>fiel, carinhoso e protetor.<\/strong> Da\u00ed que, n\u00e3o seja recomend\u00e1vel fomentar o instinto guardi\u00e3o do Pastor Belga quando este \u00e9 jovem, j\u00e1 que pode confundir-se e come\u00e7ar a proteger em situa\u00e7\u00f5es inadequadas.&nbsp;<\/p>\n<!-- \/wp:paragraph -->\n\n<!-- wp:paragraph -->\n<p>Por sua vez, o seu instinto pode ser redirecionado para o <strong>pastoreio, para as for\u00e7as especiais <\/strong>para dete\u00e7\u00e3o de drogas e bombas ou o rastreamento e resgate, <strong>atividades como <\/strong><strong><em>agility <\/em><\/strong><strong>e o <\/strong><strong><em>mushing<\/em><\/strong><strong> e inclusive para terapia com deficientes, <\/strong>doentes e idosos.&nbsp;<\/p>\n<!-- \/wp:paragraph -->\n\n<!-- wp:heading {\"level\":3} -->\n<h3><strong>Conselhos de treino e educa\u00e7\u00e3o&nbsp;<\/strong><\/h3>\n<!-- \/wp:heading -->\n\n<!-- wp:paragraph -->\n<p>Em primeiro lugar, h\u00e1 que recordar que o treino de um Pastor Belga, de igual modo a outras ra\u00e7as de c\u00e3o, deve ser de forma<strong> positiva<\/strong>. Desta maneira, n\u00e3o s\u00f3 a rela\u00e7\u00e3o entre o dono e o c\u00e3o ser\u00e1 fortalecida, como o Pastor Belga se sentir\u00e1 <strong>estimulado ao receber a motiva\u00e7\u00e3o correta.&nbsp;&nbsp;<\/strong><\/p>\n<!-- \/wp:paragraph -->\n\n<!-- wp:paragraph -->\n<p>Dado que \u00e9 uma ra\u00e7a de c\u00e3o que <strong>adora passar tempo ao ar livre<\/strong>, a melhor forma de educ\u00e1-lo \u00e9 mediante um <strong>treino f\u00edsico<\/strong>. Por isso, o Pastor Belga n\u00e3o \u00e9 um tipo de c\u00e3o recomendado para pessoas sedent\u00e1rias, as quais n\u00e3o gostam de se manterem ativos.<\/p>\n<!-- \/wp:paragraph -->\n\n<!-- wp:paragraph -->\n<p>Tamb\u00e9m <strong>\u00e9 importante que socialize com outros c\u00e3es<\/strong>, evitando assim que sofra problemas de comportamento no futuro. Contudo, n\u00e3o h\u00e1 que esquecer de <a href=\"https:\/\/www.kiwoko.pt\/caes\/brinquedos-para-caes\/\" target=\"_blank\" rel=\"noreferrer noopener\"><strong>fomentar a estimula\u00e7\u00e3o mental\u00a0 atrav\u00e9s de brinquedos<\/strong><\/a>. Inclusive atividades como <em>agility<\/em> podem ser ben\u00e9ficas para o <strong>treino combinado da sua condi\u00e7\u00e3o f\u00edsica e obedi\u00eancia.\u00a0\u00a0<\/strong><\/p>\n<!-- \/wp:paragraph -->\n\n<!-- wp:shortcode -->\n        <div id=\"external-products-FLA32635\" class=\"row external-products\">\n            <img decoding=\"async\" id=\"load-products-FLA32635\" data-src=\"https:\/\/www.kiwoko.pt\/blog\/wp-content\/themes\/kiwoko\/inc\/assets\/images\/loading.gif\" width=\"50\" height=\"50\" alt=\"loading\" src=\"data:image\/svg+xml;base64,PHN2ZyB3aWR0aD0iMSIgaGVpZ2h0PSIxIiB4bWxucz0iaHR0cDovL3d3dy53My5vcmcvMjAwMC9zdmciPjwvc3ZnPg==\" class=\"lazyload\" style=\"--smush-placeholder-width: 50px; --smush-placeholder-aspect-ratio: 50\/50;\">\n        <\/div>\n        <script>\n        var id_products = \"FLA32635,FLA7149\";\n        id_products = id_products.replace(\/\\s\/g, '');\n        var all_ids = id_products.split(\",\");\n        \n        \/\/ Agregar sufijo _M a todos los c\u00f3digos\n        var all_ids = all_ids.map(function(id) {\n            return id + '_M';\n        });\n        \n        var not_found_products = 1;\n        var not_found_img_product = 0;\n        var ramdom_id = Math.round(Math.random() * 10000);\n        var grid = '12';\n\t\tvar width = '220';\n\t\tvar height = '220';\n        if(all_ids.length >= 4){\n            grid = '3';\n\t\t\twidth = '151';\n\t\t\theight = '151';\n        }else if(all_ids.length == 3){\n            grid = '4';\n\t\t\twidth = '211';\n\t\t\theight = '211';\n        }else if(all_ids.length == 2){\n            grid = '6';\n        }\n\t\n\tif(!items){\n        var feed = \"https:\/\/www.kiwoko.pt\/blog\/wp-content\/themes\/kiwoko\/feed-channable.xml\";\n        var request = new XMLHttpRequest();\n        request.open(\"GET\", feed, false);\n        request.send();\n        var xmlFromUrl = request.responseXML;\n        var parser = new DOMParser();\n        var xmlDoc = parser.parseFromString(feed, \"text\/xml\");\n        var items = xmlFromUrl.getElementsByTagName(\"item\");\n        }\n\n        var products_found = 0;\n        for (var item of items) {\n            all_ids.forEach(function(word, index) {\n                if(item.getElementsByTagName(\"g:item_group_id\")[0].textContent == word){\n                    not_found_products = 0;\n                    id_products = item.getElementsByTagName(\"g:item_group_id\")[0].textContent;\n                    var link = item.getElementsByTagName(\"link\")[0].textContent;\n                    var image_link = 'src=\"'+item.getElementsByTagName(\"g:image_link\")[0].textContent+'\" ';\n                    var title = item.getElementsByTagName(\"title\")[0].textContent;\n\t\t\t\t\tvar customLabel0 = item.getElementsByTagName(\"g:custom_label_0\")[0]?.textContent || '';\n  var customLabel0 = item.getElementsByTagName(\"g:custom_label_0\")[0]?.textContent || '';\nvar customLabel1 = item.getElementsByTagName(\"g:custom_label_1\")[0]?.textContent || '';\n\nvar product = '<div class=\"col-md-'+grid+' text-center ds-analytics-blog-cross-selling-product order-'+index+'\" style=\"cursor:pointer;\" onclick=\"dataLayer.push({'+\n  '\\'event\\':\\'crosseling_product_click\\', '+\n  '\\'event_name\\':\\'crosseling_product_click\\', '+\n  '\\'link_text\\':\\'Comprar j\u00e1\\', '+\n  '\\'link_url\\':\\''+link+'\\', '+\n  '\\'category\\':\\''+customLabel0+'\/'+customLabel1+'\\', '+\n  '\\'product_name\\':\\''+title+'\\''+\n'});window.open(\\''+link+'\\');\"><img id=\"'+id_products+'\" '+image_link+' class=\"product-img-shop\" alt=\"'+title+'\" width=\"'+width+'\" height=\"'+height+'\"><p><a href=\"'+link+'\" target=\"_blank\" title=\"'+title+'\" style=\"color:#212529;\" class=\"ds-analytics-blog-cross-selling-product\"><strong>'+title+'<\/strong><\/a><\/p><button id=\"product-addtocart-button\" class=\"action primary tocart btn btn--secondary btn--big ds-analytics-blog-cross-selling-category\" title=\"Comprar j\u00e1\" type=\"submit\">Comprar j\u00e1 <\/button><\/div>';\n\/\/var product = '<div class=\"col-md-'+grid+' text-center ds-analytics-blog-cross-selling-product order-'+index+'\" style=\"cursor:pointer;\" onclick=\"dataLayer.push({\\'event\\':\\'blog_cross_selling_product\\', \\'ga4EventData\\': { \\'name\\':\\'d_blog\\', \\'category\\':\\'click\\', \\'label\\':\\'producto\\', \\'element\\': \\''+link+'\\'}});window.open(\\''+link+'\\');\"><img id=\"'+id_products+'\" '+image_link+' class=\"product-img-shop\" alt=\"'+title+'\" width=\"'+width+'\" height=\"'+height+'\"><p><a href=\"'+link+'\" target=\"_blank\" title=\"'+title+'\" style=\"color:#212529;\" class=\"ds-analytics-blog-cross-selling-product\"><strong>'+title+'<\/strong><\/a><\/p><button id=\"product-addtocart-button\" class=\"action primary tocart btn btn--secondary btn--big ds-analytics-blog-cross-selling-category\" title=\"Comprar j\u00e1\" type=\"submit\">Comprar j\u00e1 <\/button><\/div>';\n                    var grid_div = document.getElementById(\"external-products-FLA32635\");\n                    grid_div.innerHTML += product;\n                    products_found++;\n                }\n            });\n            if(products_found == all_ids.length){\n                break;\n            }\n        }\n        document.getElementById(\"load-products-FLA32635\").style.display = \"none\";\n        <\/script>\n    \n<!-- \/wp:shortcode -->\n\n<!-- wp:heading -->\n<h2><strong>O cachorro Pastor Belga<\/strong><\/h2>\n<!-- \/wp:heading -->\n\n<!-- wp:paragraph -->\n<p>Como j\u00e1 foi referido, desde que \u00e9 pequeno o Pastor Belga cachorro \u00e9 instintivamente protetor. Por essa mesma raz\u00e3o \u00e9 t\u00e3o importante que o seu <strong>treino e socializa\u00e7\u00e3o <\/strong>inicie <strong>precocemente.<\/strong>&nbsp; Apenas assim se poder\u00e1 garantir um comportamento equilibrado.&nbsp;<\/p>\n<!-- \/wp:paragraph -->\n\n<!-- wp:paragraph -->\n<p>Al\u00e9m do mais, n\u00e3o podemos esquecer que se trata de uma ra\u00e7a excelente para o lar se for treinado de forma adequada. Ent\u00e3o ser\u00e1 um <strong>companheiro carinhoso com um instinto natural de pastoreio.&nbsp;<\/strong><\/p>\n<!-- \/wp:paragraph -->\n\n<!-- wp:paragraph -->\n<p>Por isso, n\u00e3o ser\u00e1 estranho que o Pastor Belga cachorro se dedique a perseguir e rodear as pessoas, al\u00e9m de mordiscar os calcanhares com a inten\u00e7\u00e3o de redirecionar os seus passos. Motivo pelo qual <strong>\u00e9 uma ra\u00e7a de c\u00e3o recomendada para casas com crian\u00e7as, <\/strong>tendo em conta que o<strong> <\/strong>animal ir\u00e1 controlar os pequenos.&nbsp;<\/p>\n<!-- \/wp:paragraph -->\n\n<!-- wp:heading -->\n<h2><strong>Como alimentar um Pastor Belga de acordo com a sua idade?&nbsp;<\/strong><\/h2>\n<!-- \/wp:heading -->\n\n<!-- wp:paragraph -->\n<p>Do mesmo modo que acontece com outras ra\u00e7as de c\u00e3o, o Pastor Belga necessita de uma <strong>dieta espec\u00edfica <\/strong>para cada etapa da sua vida, tendo em conta que as suas necessidades, em cada uma delas, s\u00e3o diferentes.&nbsp;&nbsp;<\/p>\n<!-- \/wp:paragraph -->\n\n<!-- wp:heading {\"level\":3} -->\n<h3><strong>Cachorro<\/strong><\/h3>\n<!-- \/wp:heading -->\n\n<!-- wp:paragraph -->\n<p>O Pastor Belga cachorro precisa de uma <a href=\"https:\/\/www.kiwoko.pt\/caes\/comida-para-caes\/racao-seca-para-caes\/racao-para-cachorros\/\" target=\"_blank\" rel=\"noreferrer noopener\"><strong>ra\u00e7\u00e3o espec\u00edfica para cachorros<\/strong><\/a> que lhe d\u00ea as prote\u00ednas de origem animal que satisfa\u00e7am as suas necessidades de energia e que tamb\u00e9m garantam que cresce corretamente.&nbsp;&nbsp;<\/p>\n<!-- \/wp:paragraph -->\n\n<!-- wp:heading {\"level\":3} -->\n<h3><strong>Adulto<\/strong><\/h3>\n<!-- \/wp:heading -->\n\n<!-- wp:paragraph -->\n<p>J\u00e1 em adulto, o Pastor Belga requere uma <strong>ra\u00e7\u00e3o completa e equilibrada<\/strong> que cubra as suas necessidades nutricionais, especialmente tendo em conta a sua condi\u00e7\u00e3o f\u00edsica e a energia que possui.&nbsp;<\/p>\n<!-- \/wp:paragraph -->\n\n<!-- wp:paragraph -->\n<p>Outro fator a ter em conta \u00e9 a <strong>displasia da anca<\/strong> que pode sofrer de forma heredit\u00e1ria. De modo que seria recomend\u00e1vel oferecer-lhe um <a href=\"https:\/\/www.kiwoko.pt\/caes\/comida-para-caes\/suplementos-alimentares\/condroprotector-cosequin-taste-ha\/ESTSE506111_M.html\" target=\"_blank\" rel=\"noreferrer noopener\"><strong>suplemento de condroprotetores<\/strong><\/a> para as suas articula\u00e7\u00f5es.<\/p>\n<!-- \/wp:paragraph -->\n\n<!-- wp:heading {\"level\":3} -->\n<h3><strong>S\u00e9nior<\/strong><\/h3>\n<!-- \/wp:heading -->\n\n<!-- wp:paragraph -->\n<p>Finalmente, o Pastor Belga s\u00e9nior ir\u00e1 necessitar de uma ra\u00e7\u00e3o espec\u00edfica para essa etapa de vida e que possua a <strong>quantidade adequada de calorias<\/strong> para evitar que ganhe <a href=\"https:\/\/www.kiwoko.pt\/blog\/obesidade-em-caes\/\" target=\"_blank\" rel=\"noreferrer noopener\">peso<\/a>, algo que ir\u00e1 fazer com que o estado displasia da anca piore.\u00a0\u00a0<\/p>\n<!-- \/wp:paragraph -->\n\n<!-- wp:shortcode -->\n        <div id=\"external-products-ESTSE506111\" class=\"row external-products\">\n            <img decoding=\"async\" id=\"load-products-ESTSE506111\" data-src=\"https:\/\/www.kiwoko.pt\/blog\/wp-content\/themes\/kiwoko\/inc\/assets\/images\/loading.gif\" width=\"50\" height=\"50\" alt=\"loading\" src=\"data:image\/svg+xml;base64,PHN2ZyB3aWR0aD0iMSIgaGVpZ2h0PSIxIiB4bWxucz0iaHR0cDovL3d3dy53My5vcmcvMjAwMC9zdmciPjwvc3ZnPg==\" class=\"lazyload\" style=\"--smush-placeholder-width: 50px; --smush-placeholder-aspect-ratio: 50\/50;\">\n        <\/div>\n        <script>\n        var id_products = \"ESTSE506111,NTH88584,DZL121\";\n        id_products = id_products.replace(\/\\s\/g, '');\n        var all_ids = id_products.split(\",\");\n        \n        \/\/ Agregar sufijo _M a todos los c\u00f3digos\n        var all_ids = all_ids.map(function(id) {\n            return id + '_M';\n        });\n        \n        var not_found_products = 1;\n        var not_found_img_product = 0;\n        var ramdom_id = Math.round(Math.random() * 10000);\n        var grid = '12';\n\t\tvar width = '220';\n\t\tvar height = '220';\n        if(all_ids.length >= 4){\n            grid = '3';\n\t\t\twidth = '151';\n\t\t\theight = '151';\n        }else if(all_ids.length == 3){\n            grid = '4';\n\t\t\twidth = '211';\n\t\t\theight = '211';\n        }else if(all_ids.length == 2){\n            grid = '6';\n        }\n\t\n\tif(!items){\n        var feed = \"https:\/\/www.kiwoko.pt\/blog\/wp-content\/themes\/kiwoko\/feed-channable.xml\";\n        var request = new XMLHttpRequest();\n        request.open(\"GET\", feed, false);\n        request.send();\n        var xmlFromUrl = request.responseXML;\n        var parser = new DOMParser();\n        var xmlDoc = parser.parseFromString(feed, \"text\/xml\");\n        var items = xmlFromUrl.getElementsByTagName(\"item\");\n        }\n\n        var products_found = 0;\n        for (var item of items) {\n            all_ids.forEach(function(word, index) {\n                if(item.getElementsByTagName(\"g:item_group_id\")[0].textContent == word){\n                    not_found_products = 0;\n                    id_products = item.getElementsByTagName(\"g:item_group_id\")[0].textContent;\n                    var link = item.getElementsByTagName(\"link\")[0].textContent;\n                    var image_link = 'src=\"'+item.getElementsByTagName(\"g:image_link\")[0].textContent+'\" ';\n                    var title = item.getElementsByTagName(\"title\")[0].textContent;\n\t\t\t\t\tvar customLabel0 = item.getElementsByTagName(\"g:custom_label_0\")[0]?.textContent || '';\n  var customLabel0 = item.getElementsByTagName(\"g:custom_label_0\")[0]?.textContent || '';\nvar customLabel1 = item.getElementsByTagName(\"g:custom_label_1\")[0]?.textContent || '';\n\nvar product = '<div class=\"col-md-'+grid+' text-center ds-analytics-blog-cross-selling-product order-'+index+'\" style=\"cursor:pointer;\" onclick=\"dataLayer.push({'+\n  '\\'event\\':\\'crosseling_product_click\\', '+\n  '\\'event_name\\':\\'crosseling_product_click\\', '+\n  '\\'link_text\\':\\'Comprar j\u00e1\\', '+\n  '\\'link_url\\':\\''+link+'\\', '+\n  '\\'category\\':\\''+customLabel0+'\/'+customLabel1+'\\', '+\n  '\\'product_name\\':\\''+title+'\\''+\n'});window.open(\\''+link+'\\');\"><img id=\"'+id_products+'\" '+image_link+' class=\"product-img-shop\" alt=\"'+title+'\" width=\"'+width+'\" height=\"'+height+'\"><p><a href=\"'+link+'\" target=\"_blank\" title=\"'+title+'\" style=\"color:#212529;\" class=\"ds-analytics-blog-cross-selling-product\"><strong>'+title+'<\/strong><\/a><\/p><button id=\"product-addtocart-button\" class=\"action primary tocart btn btn--secondary btn--big ds-analytics-blog-cross-selling-category\" title=\"Comprar j\u00e1\" type=\"submit\">Comprar j\u00e1 <\/button><\/div>';\n\/\/var product = '<div class=\"col-md-'+grid+' text-center ds-analytics-blog-cross-selling-product order-'+index+'\" style=\"cursor:pointer;\" onclick=\"dataLayer.push({\\'event\\':\\'blog_cross_selling_product\\', \\'ga4EventData\\': { \\'name\\':\\'d_blog\\', \\'category\\':\\'click\\', \\'label\\':\\'producto\\', \\'element\\': \\''+link+'\\'}});window.open(\\''+link+'\\');\"><img id=\"'+id_products+'\" '+image_link+' class=\"product-img-shop\" alt=\"'+title+'\" width=\"'+width+'\" height=\"'+height+'\"><p><a href=\"'+link+'\" target=\"_blank\" title=\"'+title+'\" style=\"color:#212529;\" class=\"ds-analytics-blog-cross-selling-product\"><strong>'+title+'<\/strong><\/a><\/p><button id=\"product-addtocart-button\" class=\"action primary tocart btn btn--secondary btn--big ds-analytics-blog-cross-selling-category\" title=\"Comprar j\u00e1\" type=\"submit\">Comprar j\u00e1 <\/button><\/div>';\n                    var grid_div = document.getElementById(\"external-products-ESTSE506111\");\n                    grid_div.innerHTML += product;\n                    products_found++;\n                }\n            });\n            if(products_found == all_ids.length){\n                break;\n            }\n        }\n        document.getElementById(\"load-products-ESTSE506111\").style.display = \"none\";\n        <\/script>\n    \n<!-- \/wp:shortcode -->\n\n<!-- wp:heading -->\n<h2><strong>Sa\u00fade da ra\u00e7a&nbsp;<\/strong><\/h2>\n<!-- \/wp:heading -->\n\n<!-- wp:paragraph -->\n<p>Apesar do Pastor Belga ser uma ra\u00e7a de c\u00e3o saud\u00e1vel de modo geral, existem certas <strong>afe\u00e7\u00f5es \u00e0s quais tem uma vulnerabilidade heredit\u00e1ria.<\/strong><\/p>\n<!-- \/wp:paragraph -->\n\n<!-- wp:heading {\"level\":3} -->\n<h3><strong>Patologias de sa\u00fade t\u00edpicas do Pastor Belga<\/strong><\/h3>\n<!-- \/wp:heading -->\n\n<!-- wp:paragraph -->\n<p>Como foi mencionado, o Pastor Belga pode chegar a sofrer de <strong>displasia da anca, <\/strong>doen\u00e7a que come\u00e7a a experimentar desde o crescimento e que produz uma falta de ajuste na articula\u00e7\u00e3o da sua anca, o que causa instabilidade e dificuldade para se mover. O seu tratamento passa pela <strong>preven\u00e7\u00e3o mediante check-ups veterin\u00e1rios<\/strong>, al\u00e9m de lhe oferecer uma alimenta\u00e7\u00e3o que refor\u00e7a as suas articula\u00e7\u00f5es e o mant\u00e9m devidamente exercitado.&nbsp;<\/p>\n<!-- \/wp:paragraph -->\n\n<!-- wp:paragraph -->\n<p>Outra afe\u00e7\u00e3o comum do Pastor Belga s\u00e3o as <strong>perturba\u00e7\u00f5es oculares heredit\u00e1rias<\/strong>, que tamb\u00e9m exigem a consulta de um veterin\u00e1rio para evitar consequ\u00eancias no futuro.&nbsp;&nbsp;<\/p>\n<!-- \/wp:paragraph -->\n\n<!-- wp:heading -->\n<h2><strong>Cuidados<\/strong><\/h2>\n<!-- \/wp:heading -->\n\n<!-- wp:paragraph -->\n<p>Os cuidados b\u00e1sicos para manter o Pastor Belga saud\u00e1vel centram-se especialmente no seu pelo.&nbsp;<\/p>\n<!-- \/wp:paragraph -->\n\n<!-- wp:heading {\"level\":3} -->\n<h3><strong>Pelo<\/strong><\/h3>\n<!-- \/wp:heading -->\n\n<!-- wp:paragraph -->\n<p>Dado que el Pastor Belga perde pelo constantemente, <a href=\"https:\/\/www.kiwoko.com\/https:\/www.kiwoko.pt\/caes\/higiene-para-caes\/cuidado-do-pelo\/escovas-e-pentes\/furminator-escova-para-caes-de-pelo-curto\/FUR65110_M.html\" target=\"_blank\" rel=\"noreferrer noopener\"><strong>\u00e9 fundamental escovar o pelo semanalmente<\/strong><\/a> e na \u00e9poca de mudan\u00e7a de pelo, esta rotina deve ser di\u00e1ria. Assim ir\u00e1 eliminar o pelo morto acumulado. E por outro lado, conv\u00e9m dar-lhe banho sempre que precisar.&nbsp;&nbsp;<\/p>\n<!-- \/wp:paragraph -->\n\n<!-- wp:heading {\"level\":3} -->\n<h3><strong>Outros&nbsp;<\/strong><\/h3>\n<!-- \/wp:heading -->\n\n<!-- wp:paragraph -->\n<p><strong>Outro aspeto a cuidar s\u00e3o os seus olhos, <\/strong>os quais devem ser limpos de modo habitual para evitar o contacto do pelo com o olho ou com as pr\u00f3prias pestanas para n\u00e3o irritarem a zona. De igual forma, conv\u00e9m retirar as remelas acumuladas, pelo que ser\u00e1 necess\u00e1rio uma gaze ou um <strong>algod\u00e3o empapado com soro fisiol\u00f3gico<\/strong>. Igualmente deve-se estar atento a qualquer anomalia que o olho apresente como o aparecimento de algum tipo de secre\u00e7\u00e3o que requeira a visita ao veterin\u00e1rio.&nbsp;<\/p>\n<!-- \/wp:paragraph -->\n\n<!-- wp:heading -->\n<h2><strong>Ado\u00e7\u00e3o de um Pastor Belga<\/strong><\/h2>\n<!-- \/wp:heading -->\n\n<!-- wp:paragraph -->\n<p>Depois de conhecer em profundidade o Pastor Belga, uma ra\u00e7a de c\u00e3o en\u00e9rgica e carinhosa que com o treino adequado pode desempenhar diferentes fun\u00e7\u00f5es, \u00e9 poss\u00edvel que deseje adotar um. Contudo, primeiro deve ter em conta que se trata de um c\u00e3o que demanda muita necessidade de exerc\u00edcio f\u00edsico e que o seu instinto protetor faz com que n\u00e3o seja recomend\u00e1vel para conviver com crian\u00e7as.<\/p>\n<!-- \/wp:paragraph -->\n\n<!-- wp:paragraph -->\n<p>Se conseguir cumprir com estes requisitos, aconselh\u00e1mos-lhe a procurar em protetoras de animais, onde poder\u00e1 encontrar o Pastor Belga de acordo com a sua idade, tamanho e cidade onde est\u00e1 \u00e0 espera de uma fam\u00edlia que lhe d\u00ea o lar que tanto merece.&nbsp;<\/p>\n<!-- \/wp:paragraph -->\n\n<!-- wp:table {\"className\":\"is-style-stripes\"} -->\n<figure class=\"wp-block-table is-style-stripes\"><table><tbody><tr><td>Recorde-se que nas <a href=\"https:\/\/www.kiwoko.pt\/lojas?showMap=true&amp;horizontalView=true&amp;isForm=true\" target=\"_blank\" rel=\"noreferrer noopener\"><strong>lojas Kiwoko<\/strong><\/a> e em <a href=\"https:\/\/www.kiwoko.pt\/\" target=\"_blank\" rel=\"noreferrer noopener\"><strong>kiwoko.pt<\/strong><\/a> pode encontrar os produtos que necessita para o cuidado do seu Pastor Belga.&nbsp;<\/td><\/tr><\/tbody><\/table><\/figure>\n<!-- \/wp:table -->\n\n<!-- wp:shortcode -->\n        <div id=\"external-products-TKP30242\" class=\"row external-products\">\n            <img decoding=\"async\" id=\"load-products-TKP30242\" data-src=\"https:\/\/www.kiwoko.pt\/blog\/wp-content\/themes\/kiwoko\/inc\/assets\/images\/loading.gif\" width=\"50\" height=\"50\" alt=\"loading\" src=\"data:image\/svg+xml;base64,PHN2ZyB3aWR0aD0iMSIgaGVpZ2h0PSIxIiB4bWxucz0iaHR0cDovL3d3dy53My5vcmcvMjAwMC9zdmciPjwvc3ZnPg==\" class=\"lazyload\" style=\"--smush-placeholder-width: 50px; --smush-placeholder-aspect-ratio: 50\/50;\">\n        <\/div>\n        <script>\n        var id_products = \"TKP30242,KNO16863,TKP40669\";\n        id_products = id_products.replace(\/\\s\/g, '');\n        var all_ids = id_products.split(\",\");\n        \n        \/\/ Agregar sufijo _M a todos los c\u00f3digos\n        var all_ids = all_ids.map(function(id) {\n            return id + '_M';\n        });\n        \n        var not_found_products = 1;\n        var not_found_img_product = 0;\n        var ramdom_id = Math.round(Math.random() * 10000);\n        var grid = '12';\n\t\tvar width = '220';\n\t\tvar height = '220';\n        if(all_ids.length >= 4){\n            grid = '3';\n\t\t\twidth = '151';\n\t\t\theight = '151';\n        }else if(all_ids.length == 3){\n            grid = '4';\n\t\t\twidth = '211';\n\t\t\theight = '211';\n        }else if(all_ids.length == 2){\n            grid = '6';\n        }\n\t\n\tif(!items){\n        var feed = \"https:\/\/www.kiwoko.pt\/blog\/wp-content\/themes\/kiwoko\/feed-channable.xml\";\n        var request = new XMLHttpRequest();\n        request.open(\"GET\", feed, false);\n        request.send();\n        var xmlFromUrl = request.responseXML;\n        var parser = new DOMParser();\n        var xmlDoc = parser.parseFromString(feed, \"text\/xml\");\n        var items = xmlFromUrl.getElementsByTagName(\"item\");\n        }\n\n        var products_found = 0;\n        for (var item of items) {\n            all_ids.forEach(function(word, index) {\n                if(item.getElementsByTagName(\"g:item_group_id\")[0].textContent == word){\n                    not_found_products = 0;\n                    id_products = item.getElementsByTagName(\"g:item_group_id\")[0].textContent;\n                    var link = item.getElementsByTagName(\"link\")[0].textContent;\n                    var image_link = 'src=\"'+item.getElementsByTagName(\"g:image_link\")[0].textContent+'\" ';\n                    var title = item.getElementsByTagName(\"title\")[0].textContent;\n\t\t\t\t\tvar customLabel0 = item.getElementsByTagName(\"g:custom_label_0\")[0]?.textContent || '';\n  var customLabel0 = item.getElementsByTagName(\"g:custom_label_0\")[0]?.textContent || '';\nvar customLabel1 = item.getElementsByTagName(\"g:custom_label_1\")[0]?.textContent || '';\n\nvar product = '<div class=\"col-md-'+grid+' text-center ds-analytics-blog-cross-selling-product order-'+index+'\" style=\"cursor:pointer;\" onclick=\"dataLayer.push({'+\n  '\\'event\\':\\'crosseling_product_click\\', '+\n  '\\'event_name\\':\\'crosseling_product_click\\', '+\n  '\\'link_text\\':\\'Comprar j\u00e1\\', '+\n  '\\'link_url\\':\\''+link+'\\', '+\n  '\\'category\\':\\''+customLabel0+'\/'+customLabel1+'\\', '+\n  '\\'product_name\\':\\''+title+'\\''+\n'});window.open(\\''+link+'\\');\"><img id=\"'+id_products+'\" '+image_link+' class=\"product-img-shop\" alt=\"'+title+'\" width=\"'+width+'\" height=\"'+height+'\"><p><a href=\"'+link+'\" target=\"_blank\" title=\"'+title+'\" style=\"color:#212529;\" class=\"ds-analytics-blog-cross-selling-product\"><strong>'+title+'<\/strong><\/a><\/p><button id=\"product-addtocart-button\" class=\"action primary tocart btn btn--secondary btn--big ds-analytics-blog-cross-selling-category\" title=\"Comprar j\u00e1\" type=\"submit\">Comprar j\u00e1 <\/button><\/div>';\n\/\/var product = '<div class=\"col-md-'+grid+' text-center ds-analytics-blog-cross-selling-product order-'+index+'\" style=\"cursor:pointer;\" onclick=\"dataLayer.push({\\'event\\':\\'blog_cross_selling_product\\', \\'ga4EventData\\': { \\'name\\':\\'d_blog\\', \\'category\\':\\'click\\', \\'label\\':\\'producto\\', \\'element\\': \\''+link+'\\'}});window.open(\\''+link+'\\');\"><img id=\"'+id_products+'\" '+image_link+' class=\"product-img-shop\" alt=\"'+title+'\" width=\"'+width+'\" height=\"'+height+'\"><p><a href=\"'+link+'\" target=\"_blank\" title=\"'+title+'\" style=\"color:#212529;\" class=\"ds-analytics-blog-cross-selling-product\"><strong>'+title+'<\/strong><\/a><\/p><button id=\"product-addtocart-button\" class=\"action primary tocart btn btn--secondary btn--big ds-analytics-blog-cross-selling-category\" title=\"Comprar j\u00e1\" type=\"submit\">Comprar j\u00e1 <\/button><\/div>';\n                    var grid_div = document.getElementById(\"external-products-TKP30242\");\n                    grid_div.innerHTML += product;\n                    products_found++;\n                }\n            });\n            if(products_found == all_ids.length){\n                break;\n            }\n        }\n        document.getElementById(\"load-products-TKP30242\").style.display = \"none\";\n        <\/script>\n    \n<!-- \/wp:shortcode -->","protected":false},"excerpt":{"rendered":"<p>Nome: Pastor Belga, Pastor-belga-malinois, Pastor belga tervuerense, Pastor Belga Laekenois, Pastor belga groenendael Origem: B\u00e9lgica Esperan\u00e7a m\u00e9dia de vida: 10-12 anos Pelo: Curto, longo, liso, \u00e1spero Altura:&nbsp; 56-66 cm Peso:&nbsp; 20-30 kg Temperamento: Carinhoso, protetor Necessidades: Necessidades:&nbsp;Escovagem, rotina de exerc\u00edcio f\u00edsico Aptid\u00e3o: Pastoreio, guarda, donos experientes Origem do Pastor Belga O Pastor Belga tem a [&hellip;]<\/p>\n","protected":false},"author":23,"featured_media":3621,"comment_status":"open","ping_status":"open","sticky":false,"template":"","format":"standard","meta":{"_acf_changed":false,"_uag_custom_page_level_css":"","footnotes":""},"categories":[6,1],"tags":[32],"class_list":["post-3581","post","type-post","status-publish","format-standard","has-post-thumbnail","hentry","category-caes","category-uncategorized","tag-ficha-de-raca"],"acf":[],"uagb_featured_image_src":{"full":["https:\/\/www.kiwoko.pt\/blog\/wp-content\/uploads\/2022\/01\/ficha-raza-pastor-belga.jpg",1650,870,false],"thumbnail":["https:\/\/www.kiwoko.pt\/blog\/wp-content\/uploads\/2022\/01\/ficha-raza-pastor-belga-150x150.jpg",150,150,true],"medium":["https:\/\/www.kiwoko.pt\/blog\/wp-content\/uploads\/2022\/01\/ficha-raza-pastor-belga-300x158.jpg",300,158,true],"medium_large":["https:\/\/www.kiwoko.pt\/blog\/wp-content\/uploads\/2022\/01\/ficha-raza-pastor-belga-768x405.jpg",768,405,true],"large":["https:\/\/www.kiwoko.pt\/blog\/wp-content\/uploads\/2022\/01\/ficha-raza-pastor-belga-1024x540.jpg",1024,540,true],"1536x1536":["https:\/\/www.kiwoko.pt\/blog\/wp-content\/uploads\/2022\/01\/ficha-raza-pastor-belga-1536x810.jpg",1536,810,true],"2048x2048":["https:\/\/www.kiwoko.pt\/blog\/wp-content\/uploads\/2022\/01\/ficha-raza-pastor-belga.jpg",1650,870,false]},"uagb_author_info":{"display_name":"Carla","author_link":"https:\/\/www.kiwoko.pt\/blog\/author\/carla\/"},"uagb_comment_info":0,"uagb_excerpt":"Nome: Pastor Belga, Pastor-belga-malinois, Pastor belga tervuerense, Pastor Belga Laekenois, Pastor belga groenendael Origem: B\u00e9lgica Esperan\u00e7a m\u00e9dia de vida: 10-12 anos Pelo: Curto, longo, liso, \u00e1spero Altura:&nbsp; 56-66 cm Peso:&nbsp; 20-30 kg Temperamento: Carinhoso, protetor Necessidades: Necessidades:&nbsp;Escovagem, rotina de exerc\u00edcio f\u00edsico Aptid\u00e3o: Pastoreio, guarda, donos experientes Origem do Pastor Belga O Pastor Belga tem a&hellip;","_links":{"self":[{"href":"https:\/\/www.kiwoko.pt\/blog\/wp-json\/wp\/v2\/posts\/3581","targetHints":{"allow":["GET"]}}],"collection":[{"href":"https:\/\/www.kiwoko.pt\/blog\/wp-json\/wp\/v2\/posts"}],"about":[{"href":"https:\/\/www.kiwoko.pt\/blog\/wp-json\/wp\/v2\/types\/post"}],"author":[{"embeddable":true,"href":"https:\/\/www.kiwoko.pt\/blog\/wp-json\/wp\/v2\/users\/23"}],"replies":[{"embeddable":true,"href":"https:\/\/www.kiwoko.pt\/blog\/wp-json\/wp\/v2\/comments?post=3581"}],"version-history":[{"count":7,"href":"https:\/\/www.kiwoko.pt\/blog\/wp-json\/wp\/v2\/posts\/3581\/revisions"}],"predecessor-version":[{"id":3788,"href":"https:\/\/www.kiwoko.pt\/blog\/wp-json\/wp\/v2\/posts\/3581\/revisions\/3788"}],"wp:featuredmedia":[{"embeddable":true,"href":"https:\/\/www.kiwoko.pt\/blog\/wp-json\/wp\/v2\/media\/3621"}],"wp:attachment":[{"href":"https:\/\/www.kiwoko.pt\/blog\/wp-json\/wp\/v2\/media?parent=3581"}],"wp:term":[{"taxonomy":"category","embeddable":true,"href":"https:\/\/www.kiwoko.pt\/blog\/wp-json\/wp\/v2\/categories?post=3581"},{"taxonomy":"post_tag","embeddable":true,"href":"https:\/\/www.kiwoko.pt\/blog\/wp-json\/wp\/v2\/tags?post=3581"}],"curies":[{"name":"wp","href":"https:\/\/api.w.org\/{rel}","templated":true}]}}