{"id":2769,"date":"2021-08-27T12:00:00","date_gmt":"2021-08-27T11:00:00","guid":{"rendered":"https:\/\/www.kiwoko.pt\/blog\/?p=2769"},"modified":"2023-04-21T11:30:11","modified_gmt":"2023-04-21T10:30:11","slug":"pastor-de-berna","status":"publish","type":"post","link":"https:\/\/www.kiwoko.pt\/blog\/pastor-de-berna\/","title":{"rendered":"Pastor de Berna: conselhos, cuidados e caracter\u00edsticas"},"content":{"rendered":"<!-- wp:heading -->\n<h2>Caracter\u00edsticas do Pastor de Berna<\/h2>\n<!-- \/wp:heading -->\n\n<!-- wp:html -->\n<div class=\"row\" style=\"margin-bottom: 15px; margin-top: 25px;\">\n<div class=\" col-md-6\">\n<div class=\" col-md-12 mb-2\"><i class=\"fa fa-id-card \" style=\"font-size: 20px;\"><\/i> <b>Nome:<\/b> Pastor de Berna, Boiadeiro de Berna, boieiro de berna bernese e boiadeiro-bern\u00eas<\/div>\n<div class=\" col-md-12 mb-2\"><i class=\"fa fa-globe \" style=\"font-size: 20px;\"><\/i> <b>Origem:<\/b> Berna, Su\u00ed\u00e7a<\/div>\n<div class=\" col-md-12 mb-2\"><i class=\"fa fa-calendar \" style=\"font-size: 20px;\"><\/i> <b>Esperan\u00e7a  m\u00e9dia de vida:<\/b> 8 - 10 anos<\/div>\n<div class=\" col-md-12 mb-2\"><i class=\"fa fa-tint \" style=\"font-size: 20px;\"><\/i> <b>Colores:<\/b> Preto, marrom e branco<\/div>\n<div class=\" col-md-12 mb-2\"><i class=\"fa fa-cut \" style=\"font-size: 20px;\"><\/i> <b>Pelo:<\/b> Longo, sedoso e suave<\/div>\n<div class=\" col-md-12 mb-2\"><i class=\"fa fa-ruler \" style=\"font-size: 20px;\"><\/i> <b>Tamanho:<\/b> Gigante<\/div>\n<div class=\" col-md-12 mb-2\"><i class=\"fa fa-ruler-vertical \" style=\"font-size: 20px;\"><\/i> <b>Altura:<\/b>&nbsp;70 cm<\/div>\n<\/div>\n<div class=\" col-md-6\">\n<div class=\" col-md-12 mb-2\"><i class=\"fa fa-balance-scale \" style=\"font-size: 20px;\"><\/i> <b>Peso:<\/b>&nbsp;48 - 51 kg<\/div>\n<div class=\" col-md-11 mb-2\"><i class=\"fa fa-handshake\" style=\"font-size: 20px;\"><\/i> <b>Temperamento:<\/b> Tranquilo<\/div>\n<div class=\" col-md-11 mb-2\"><i class=\"fa fa-heartbeat\" style=\"font-size: 20px;\"><\/i> <b>Necessidades:<\/b> Um pouco de adestramento, escova\u00e7\u00e3o di\u00e1ria e passeios di\u00e1rios<\/div>\n<div class=\" col-md-11 mb-2\"><i class=\"fa fa-briefcase\" style=\"font-size: 20px;\"><\/i> <b>Aptid\u00e3o:<\/b> C\u00e3o de guarda, c\u00e3o de resgate, c\u00e3o de companhia<\/div>\n<div class=\" col-md-11 mb-2\"><i class=\"fa fa-thumbs-up\" style=\"font-size: 20px;\"><\/i> <b>Perfeito para:<\/b> Familias com crian\u00e7as<\/div>\n<\/div>\n<\/div>\n<!-- \/wp:html -->\n\n<!-- wp:heading -->\n<h2>Origem<\/h2>\n<!-- \/wp:heading -->\n\n<!-- wp:paragraph -->\n<p>O <strong>Pastor de Berna <\/strong>\u00e9 uma ra\u00e7a que \u00e9 estimado que tenha cerca de 2.000 anos de antiguidade e a sua apari\u00e7\u00e3o se remete aos tempos nos quais os romanos invadiram a Su\u00ed\u00e7a, Helv\u00e9cia naquele momento. Os romanos chegaram a essas terras acompanhados pelos seus c\u00e3es de guarda e de pastoreio, que eram <strong>tipo mastim<\/strong>. Estes c\u00e3es seriam cruzados com os <strong>pastores su\u00ed\u00e7os<\/strong>, que eram capazes de suportar as baixas temperaturas dos Alpes, o que deu origem \u00e0 ra\u00e7a <strong>Pastor de Berna<\/strong>.<\/p>\n<!-- \/wp:paragraph -->\n\n<!-- wp:paragraph -->\n<p>O resultado foi uma <strong>ra\u00e7a com um temperamento mais d\u00f3cil<\/strong>, que ajudou a transportar produtos e mercadorias entre popula\u00e7\u00f5es e aldeias, mas que tamb\u00e9m se utilizava como <strong>c\u00e3o de guarda<\/strong>. Houve um tempo em que esta ra\u00e7a era conhecida como <em>D\u00fcrrb\u00e4chler<\/em>, o que se devia a que, a princ\u00edpio, estes c\u00e3es eram vistos nos arredores do povoado <em>D\u00fcrrbach de Riggisberg, <\/em>em Berna. <strong>Apenas em 1910<\/strong> come\u00e7aram a ser chamados de Pastor de Berna.<strong><\/strong><\/p>\n<!-- \/wp:paragraph -->\n\n<!-- wp:heading -->\n<h2>Tipos de Pastor de Berna<\/h2>\n<!-- \/wp:heading -->\n\n<!-- wp:heading {\"level\":3} -->\n<h3>Cores<\/h3>\n<!-- \/wp:heading -->\n\n<!-- wp:paragraph -->\n<p>O <strong>Pastor de Berna <\/strong>\u00e9 um c\u00e3o tricolor, mas o preto \u00e9 a cor de fundo desta ra\u00e7a. Al\u00e9m disso, conta com <strong>marcas nas cores fogo e branco<\/strong> que, segundo os padr\u00f5es de competi\u00e7\u00e3o, o melhor \u00e9 que sejam sim\u00e9tricas.<\/p>\n<!-- \/wp:paragraph -->\n\n<!-- wp:paragraph -->\n<p>A cor fogo pode ser apreciada em cima dos olhos, nas bochechas e na comissura da boca; tamb\u00e9m vai at\u00e9 o peito, as patas e o rabo.<\/p>\n<!-- \/wp:paragraph -->\n\n<!-- wp:paragraph -->\n<p>Por outro lado, <strong>a cor branca aparece no focinho e no peito<\/strong>, onde forma uma cruz invertida. Para as competi\u00e7\u00f5es o mais desejado \u00e9 que o animal tenha branco tamb\u00e9m na zona das patas, mas n\u00e3o para al\u00e9m dos carpos.<\/p>\n<!-- \/wp:paragraph -->\n\n<!-- wp:heading {\"level\":3} -->\n<h3>Tipo de pelo<\/h3>\n<!-- \/wp:heading -->\n\n<!-- wp:paragraph -->\n<p><strong>A pelagem \u00e9 longa, grossa e levemente ondulada<\/strong>, al\u00e9m disso, \u00e9 brilhante. Dentro dos padr\u00f5es oficiais para competir, se o c\u00e3o apresenta um pelo extremamente encaracolado com pouco brilho, perde pontos na competi\u00e7\u00e3o.<\/p>\n<!-- \/wp:paragraph -->\n\n<!-- wp:heading -->\n<h2>Car\u00e1ter do Pastor de Berna<\/h2>\n<!-- \/wp:heading -->\n\n<!-- wp:paragraph -->\n<p>O <strong>Pastor de Berna <\/strong>tem um car\u00e1ter que o torna ideal para as fam\u00edlias, inclusive com crian\u00e7as. A \u00fanica condi\u00e7\u00e3o \u00e9 que sejam fam\u00edlias que levem uma vida ativa que permita o animal se desenvolver de forma plena.<\/p>\n<!-- \/wp:paragraph -->\n\n<!-- wp:paragraph -->\n<p>\u00c9 um <strong>c\u00e3o muito tranquilo, que gosta de ficar em interiores<\/strong>; al\u00e9m disso, \u00e9 muito independente, d\u00f3cil, carinhoso e leal. O Pastor de Berna pode conviver de forma pac\u00edfica com c\u00e3es de outras ra\u00e7as, inclusive com outras esp\u00e9cies de animais, mas \u00e9 importante que a sua etapa de sociabiliza\u00e7\u00e3o comece cedo, com pouca idade.<\/p>\n<!-- \/wp:paragraph -->\n\n<!-- wp:heading {\"level\":3} -->\n<h3>Cachorros de Pastor de Berna<\/h3>\n<!-- \/wp:heading -->\n\n<!-- wp:paragraph -->\n<p>\u00c9 importante ter muito cuidado na cria\u00e7\u00e3o dos <a href=\"https:\/\/www.kiwoko.pt\/blog\/cachorros-os-seus-cuidados-e-necessidades\/\" target=\"_blank\" rel=\"noreferrer noopener\" title=\"https:\/\/www.kiwoko.pt\/blog\/cachorros-os-seus-cuidados-e-necessidades\/\">cachorros<\/a> de <strong>Pastor de Berna<\/strong>. Este tipo de c\u00e3o, assim como outras ra\u00e7as gigantes, <strong>cresce muito r\u00e1pido<\/strong> durante os primeiros quatro e sete meses de vida. Isso faz com que sejam mais sens\u00edveis a apresentar les\u00f5es e transtornos nos ossos.<\/p>\n<!-- \/wp:paragraph -->\n\n<!-- wp:paragraph -->\n<p>Apesar de o crescimento f\u00edsico dos cachorros desta ra\u00e7a ser muito acelerado, <strong>mentalmente \u00e9 muito mais lento<\/strong>. Ent\u00e3o se estiver a considerar ter um exemplar de Pastor de Berna, deve saber que ter\u00e1 um cachorro durante certo tempo, porque, al\u00e9m disso, \u00e9 t\u00e3o sens\u00edvel que n\u00e3o suporta repreens\u00f5es e castigos facilmente.<\/p>\n<!-- \/wp:paragraph -->\n\n<!-- wp:paragraph -->\n<p>Para conseguir <strong>que o animal de estima\u00e7\u00e3o se desenvolva emocionalmente de maneira adequada<\/strong>, deve apresent\u00e1-lo a outras esp\u00e9cies animais, ra\u00e7as de c\u00e3es, crian\u00e7as e estranhos desde pequeno. O seu car\u00e1ter t\u00edmido o impede de socializar adequadamente se n\u00e3o \u00e9 colocado em contato com outras pessoas e esp\u00e9cies desde que \u00e9 um cachorro.<\/p>\n<!-- \/wp:paragraph -->\n\n<!-- wp:heading -->\n<h2>Sa\u00fade e cuidados<\/h2>\n<!-- \/wp:heading -->\n\n<!-- wp:paragraph -->\n<p>Dentro dos <strong>problemas de sa\u00fade do Pastor de Berna<\/strong> encontram-se certos tipos de <strong>c\u00e2ncer bastante agressivos<\/strong> e aos quais estes c\u00e3es t\u00eam muita propens\u00e3o. Por isso a expectativa de vida do Pastor de Berna n\u00e3o \u00e9 muito longa. Por outro lado, estes c\u00e3es podem apresentar <strong>displasia de quadril<\/strong>, devido ao seu grande tamanho.<\/p>\n<!-- \/wp:paragraph -->\n\n<!-- wp:heading {\"level\":3} -->\n<h3>Cuidados b\u00e1sicos<\/h3>\n<!-- \/wp:heading -->\n\n<!-- wp:paragraph -->\n<p>Nos cuidados b\u00e1sicos do <strong>Pastor de Berna<\/strong>, a escova\u00e7\u00e3o de duas a tr\u00eas vezes por semana \u00e9 indispens\u00e1vel; no entanto, durante os per\u00edodos de troca de pelo, o melhor \u00e9 <strong>faz\u00ea-lo uma vez por dia<\/strong>. Al\u00e9m disso, tamb\u00e9m \u00e9 aconselh\u00e1vel dar banho somente quando estiver verdadeiramente sujo, ou seja, a cada dois meses.<\/p>\n<!-- \/wp:paragraph -->\n\n<!-- wp:paragraph -->\n<p>Por outro lado, apesar de terem um car\u00e1ter e um temperamento tranquilo, e de gostarem da vida no lar, estes c\u00e3es t\u00eam <strong>muitas necessidades de exerc\u00edcio f\u00edsico<\/strong>. Por isso \u00e9 imprescind\u00edvel que, se tiver um Pastor de Berna, o leve para passear v\u00e1rias vezes por dia, al\u00e9m de ser importante fomentar a atividade f\u00edsica com jogos.<\/p>\n<!-- \/wp:paragraph -->\n\n<!-- wp:paragraph -->\n<p>N\u00e3o \u00e9 ideal que passe muito tempo sozinho, porque gosta da companhia de outras pessoas e de outros animais de estima\u00e7\u00e3o.<\/p>\n<!-- \/wp:paragraph -->\n\n<!-- wp:heading {\"level\":3} -->\n<h3>Alimenta\u00e7\u00e3o<\/h3>\n<!-- \/wp:heading -->\n\n<!-- wp:paragraph -->\n<p>Quanto \u00e0 alimenta\u00e7\u00e3o, o <strong>Pastor de Berna<\/strong>, assim como outros c\u00e3es de tamanho gigante, requer uma <strong>alimenta\u00e7\u00e3o rica em vitaminas e minerais<\/strong> que ajudam a manter as articula\u00e7\u00f5es e as cartilagens saud\u00e1veis para evitar problemas de mobilidade em idades adultas.<\/p>\n<!-- \/wp:paragraph -->\n\n<!-- wp:paragraph -->\n<p>Esta ra\u00e7a tamb\u00e9m \u00e9 <strong>propensa a ter problemas estomacais<\/strong>, por isso o recomendado \u00e9 que coma suficiente comida, mas distribu\u00edda em pequenas <a href=\"https:\/\/www.kiwoko.pt\/blog\/que-quantidade-diaria-de-comida-devo-dar-ao-meu-cao\/\" target=\"_blank\" rel=\"noreferrer noopener\" title=\"https:\/\/www.kiwoko.pt\/blog\/que-quantidade-diaria-de-comida-devo-dar-ao-meu-cao\/\">doses ao longo do dia<\/a>.<\/p>\n<!-- \/wp:paragraph -->\n\n<!-- wp:paragraph -->\n<p>Quando s\u00e3o cachorros, o Pastor de Berna deve <strong>seguir uma dieta baixa em calorias <\/strong>para evitar que cres\u00e7a de maneira acelerada.<\/p>\n<!-- \/wp:paragraph -->\n\n<!-- wp:heading -->\n<h2>Ado\u00e7\u00e3o de um Pastor de Berna<\/h2>\n<!-- \/wp:heading -->\n\n<!-- wp:paragraph -->\n<p>Adotar um c\u00e3o da ra\u00e7a Pastor de Berna \u00e9 uma <strong>boa op\u00e7\u00e3o para as fam\u00edlias<\/strong>, principalmente as que t\u00eam crian\u00e7as e outras esp\u00e9cies de animais de estima\u00e7\u00e3o no lar. Mas \u00e9 importante destacar que estes animais, pelo seu tamanho, n\u00e3o podem viver em apartamentos e espa\u00e7os reduzidos. Requerem uma \u00e1rea suficientemente grande para se desenvolverem de forma plena.<\/p>\n<!-- \/wp:paragraph -->\n\n<!-- wp:table {\"className\":\"is-style-stripes\"} -->\n<figure class=\"wp-block-table is-style-stripes\"><table><tbody><tr><td><strong>Sentiu uma conex\u00e3o? <\/strong>Acha que \u00e9 o c\u00e3o ideal e que cumpre com todas as caracter\u00edsticas para viverem juntos? Neste caso desejamos uma longa e feliz vida juntos. E n\u00e3o se esque\u00e7a de que nas nossas <a href=\"https:\/\/www.kiwoko.pt\/lojas?showMap=true&amp;horizontalView=true&amp;isForm=true\" target=\"_blank\" rel=\"noreferrer noopener\">lojas Kiwoko<\/a> e na <a href=\"https:\/\/www.kiwoko.pt\/\" target=\"_blank\" rel=\"noreferrer noopener\">nossa p\u00e1gina web<\/a> pode encontrar tudo o que precisa para os cuidados do seu <strong>Pastor de Berna<\/strong>.<\/td><\/tr><tr><td><\/td><\/tr><\/tbody><\/table><\/figure>\n<!-- \/wp:table -->\n\n<!-- wp:paragraph -->\n<p><\/p>\n<!-- \/wp:paragraph -->","protected":false},"excerpt":{"rendered":"<p>Caracter\u00edsticas do Pastor de Berna Nome: Pastor de Berna, Boiadeiro de Berna, boieiro de berna bernese e boiadeiro-bern\u00eas Origem: Berna, Su\u00ed\u00e7a Esperan\u00e7a m\u00e9dia de vida: 8 &#8211; 10 anos Colores: Preto, marrom e branco Pelo: Longo, sedoso e suave Tamanho: Gigante Altura:&nbsp;70 cm Peso:&nbsp;48 &#8211; 51 kg Temperamento: Tranquilo Necessidades: Um pouco de adestramento, escova\u00e7\u00e3o [&hellip;]<\/p>\n","protected":false},"author":23,"featured_media":2788,"comment_status":"open","ping_status":"open","sticky":false,"template":"","format":"standard","meta":{"_acf_changed":false,"_uag_custom_page_level_css":"","footnotes":""},"categories":[6],"tags":[75,31,26,32,33],"class_list":["post-2769","post","type-post","status-publish","format-standard","has-post-thumbnail","hentry","category-caes","tag-adocao","tag-alimentacao","tag-comportamento","tag-ficha-de-raca","tag-saude-e-cuidados"],"acf":[],"uagb_featured_image_src":{"full":["https:\/\/www.kiwoko.pt\/blog\/wp-content\/uploads\/2021\/08\/pastor-de-berna.jpg",1118,350,false],"thumbnail":["https:\/\/www.kiwoko.pt\/blog\/wp-content\/uploads\/2021\/08\/pastor-de-berna-150x150.jpg",150,150,true],"medium":["https:\/\/www.kiwoko.pt\/blog\/wp-content\/uploads\/2021\/08\/pastor-de-berna-300x94.jpg",300,94,true],"medium_large":["https:\/\/www.kiwoko.pt\/blog\/wp-content\/uploads\/2021\/08\/pastor-de-berna-768x240.jpg",768,240,true],"large":["https:\/\/www.kiwoko.pt\/blog\/wp-content\/uploads\/2021\/08\/pastor-de-berna-1024x321.jpg",1024,321,true],"1536x1536":["https:\/\/www.kiwoko.pt\/blog\/wp-content\/uploads\/2021\/08\/pastor-de-berna.jpg",1118,350,false],"2048x2048":["https:\/\/www.kiwoko.pt\/blog\/wp-content\/uploads\/2021\/08\/pastor-de-berna.jpg",1118,350,false]},"uagb_author_info":{"display_name":"Carla","author_link":"https:\/\/www.kiwoko.pt\/blog\/author\/carla\/"},"uagb_comment_info":0,"uagb_excerpt":"Caracter\u00edsticas do Pastor de Berna Nome: Pastor de Berna, Boiadeiro de Berna, boieiro de berna bernese e boiadeiro-bern\u00eas Origem: Berna, Su\u00ed\u00e7a Esperan\u00e7a m\u00e9dia de vida: 8 - 10 anos Colores: Preto, marrom e branco Pelo: Longo, sedoso e suave Tamanho: Gigante Altura:&nbsp;70 cm Peso:&nbsp;48 - 51 kg Temperamento: Tranquilo Necessidades: Um pouco de adestramento, escova\u00e7\u00e3o&hellip;","_links":{"self":[{"href":"https:\/\/www.kiwoko.pt\/blog\/wp-json\/wp\/v2\/posts\/2769","targetHints":{"allow":["GET"]}}],"collection":[{"href":"https:\/\/www.kiwoko.pt\/blog\/wp-json\/wp\/v2\/posts"}],"about":[{"href":"https:\/\/www.kiwoko.pt\/blog\/wp-json\/wp\/v2\/types\/post"}],"author":[{"embeddable":true,"href":"https:\/\/www.kiwoko.pt\/blog\/wp-json\/wp\/v2\/users\/23"}],"replies":[{"embeddable":true,"href":"https:\/\/www.kiwoko.pt\/blog\/wp-json\/wp\/v2\/comments?post=2769"}],"version-history":[{"count":9,"href":"https:\/\/www.kiwoko.pt\/blog\/wp-json\/wp\/v2\/posts\/2769\/revisions"}],"predecessor-version":[{"id":3092,"href":"https:\/\/www.kiwoko.pt\/blog\/wp-json\/wp\/v2\/posts\/2769\/revisions\/3092"}],"wp:featuredmedia":[{"embeddable":true,"href":"https:\/\/www.kiwoko.pt\/blog\/wp-json\/wp\/v2\/media\/2788"}],"wp:attachment":[{"href":"https:\/\/www.kiwoko.pt\/blog\/wp-json\/wp\/v2\/media?parent=2769"}],"wp:term":[{"taxonomy":"category","embeddable":true,"href":"https:\/\/www.kiwoko.pt\/blog\/wp-json\/wp\/v2\/categories?post=2769"},{"taxonomy":"post_tag","embeddable":true,"href":"https:\/\/www.kiwoko.pt\/blog\/wp-json\/wp\/v2\/tags?post=2769"}],"curies":[{"name":"wp","href":"https:\/\/api.w.org\/{rel}","templated":true}]}}