{"id":182,"date":"2024-10-03T12:25:35","date_gmt":"2024-10-03T11:25:35","guid":{"rendered":"https:\/\/www.kiwoko.pt\/blog\/?p=182"},"modified":"2024-10-03T12:26:46","modified_gmt":"2024-10-03T11:26:46","slug":"quando-e-e-quanto-tempo-dura-a-muda-de-pelo-dos-caes","status":"publish","type":"post","link":"https:\/\/www.kiwoko.pt\/blog\/quando-e-e-quanto-tempo-dura-a-muda-de-pelo-dos-caes\/","title":{"rendered":"O que \u00e9 a queda de pelo nos c\u00e3es: Descubra como a combater"},"content":{"rendered":"<!-- wp:paragraph -->\n<p>A <strong>muda de pelo nos c\u00e3es<\/strong> \u00e9 uma das coisas inevit\u00e1veis com que temos de viver quando temos um animal de estima\u00e7\u00e3o em casa.<\/p>\n<!-- \/wp:paragraph -->\n\n<!-- wp:paragraph -->\n<p>Embora seja verdade que os c\u00e3es perdem mais ou menos pelo consoante a \u00e9poca do ano, a ra\u00e7a e a pelagem do c\u00e3o e a situa\u00e7\u00e3o ambiental a que est\u00e1 exposto, \u00e9 uma situa\u00e7\u00e3o com a qual ter\u00e1 sempre de lidar.<\/p>\n<!-- \/wp:paragraph -->\n\n<!-- wp:paragraph -->\n<p>No entanto, pode utilizar <strong>algumas dicas <\/strong>para reduzir a queda de pelo. Quer saber quais s\u00e3o?<\/p>\n<!-- \/wp:paragraph -->\n\n<!-- wp:paragraph -->\n<p>Continue a ler!<\/p>\n<!-- \/wp:paragraph -->\n\n<!-- wp:heading -->\n<h2>Quando \u00e9 que os c\u00e3es perdem o pelo?<\/h2>\n<!-- \/wp:heading -->\n\n<!-- wp:paragraph -->\n<p>H\u00e1 <strong>dois fatores muito importantes <\/strong>que provocam a queda do pelo em diferentes graus. Um \u00e9 o <strong>tipo de pelo do c\u00e3o<\/strong>, que depende da ra\u00e7a, e o outro \u00e9 <strong>a localiza\u00e7\u00e3o<\/strong>, ou seja, o s\u00edtio onde o c\u00e3o vive.<\/p>\n<!-- \/wp:paragraph -->\n\n<!-- wp:paragraph -->\n<p>H\u00e1 c\u00e3es de cidade que t\u00eam uma muda cont\u00ednua durante todo o ano, porque o ar condicionado e os radiadores das casas permitem que o corpo do c\u00e3o se adapte ao facto de n\u00e3o ser necess\u00e1ria uma muda anual completa. Os c\u00e3es de zonas rurais, de quintas e de pastoreio, por outro lado, mudam de pelo duas vezes por ano.<\/p>\n<!-- \/wp:paragraph -->\n\n<!-- wp:paragraph -->\n<p>Alguns fatores t\u00eam um impacto direto na queda de pelo, como a <strong>alimenta\u00e7\u00e3o e a gen\u00e9tica<\/strong>. Por isso, \u00e9 importante que d\u00ea ao seu animal de estima\u00e7\u00e3o uma <strong><a href=\"https:\/\/www.kiwoko.pt\/caes\/comida-para-caes\/racao-seca-para-caes\/\" target=\"_blank\" rel=\"noopener\" title=\"\">ra\u00e7\u00e3o para c\u00e3es<\/a><\/strong> de qualidade que contenha todos os nutrientes de que ele necessita.<\/p>\n<!-- \/wp:paragraph -->\n\n<!-- wp:shortcode -->\n        <div id=\"external-products-NTH88573\" class=\"row external-products\">\n            <img decoding=\"async\" id=\"load-products-NTH88573\" data-src=\"https:\/\/www.kiwoko.pt\/blog\/wp-content\/themes\/kiwoko\/inc\/assets\/images\/loading.gif\" width=\"50\" height=\"50\" alt=\"loading\" src=\"data:image\/svg+xml;base64,PHN2ZyB3aWR0aD0iMSIgaGVpZ2h0PSIxIiB4bWxucz0iaHR0cDovL3d3dy53My5vcmcvMjAwMC9zdmciPjwvc3ZnPg==\" class=\"lazyload\" style=\"--smush-placeholder-width: 50px; --smush-placeholder-aspect-ratio: 50\/50;\">\n        <\/div>\n        <script>\n        var id_products = \"NTH88573,NTH88575,NTH88568\";\n        id_products = id_products.replace(\/\\s\/g, '');\n        var all_ids = id_products.split(\",\");\n        \n        \/\/ Agregar sufijo _M a todos los c\u00f3digos\n        var all_ids = all_ids.map(function(id) {\n            return id + '_M';\n        });\n        \n        var not_found_products = 1;\n        var not_found_img_product = 0;\n        var ramdom_id = Math.round(Math.random() * 10000);\n        var grid = '12';\n\t\tvar width = '220';\n\t\tvar height = '220';\n        if(all_ids.length >= 4){\n            grid = '3';\n\t\t\twidth = '151';\n\t\t\theight = '151';\n        }else if(all_ids.length == 3){\n            grid = '4';\n\t\t\twidth = '211';\n\t\t\theight = '211';\n        }else if(all_ids.length == 2){\n            grid = '6';\n        }\n\t\n\tif(!items){\n        var feed = \"https:\/\/www.kiwoko.pt\/blog\/wp-content\/themes\/kiwoko\/feed-channable.xml\";\n        var request = new XMLHttpRequest();\n        request.open(\"GET\", feed, false);\n        request.send();\n        var xmlFromUrl = request.responseXML;\n        var parser = new DOMParser();\n        var xmlDoc = parser.parseFromString(feed, \"text\/xml\");\n        var items = xmlFromUrl.getElementsByTagName(\"item\");\n        }\n\n        var products_found = 0;\n        for (var item of items) {\n            all_ids.forEach(function(word, index) {\n                if(item.getElementsByTagName(\"g:item_group_id\")[0].textContent == word){\n                    not_found_products = 0;\n                    id_products = item.getElementsByTagName(\"g:item_group_id\")[0].textContent;\n                    var link = item.getElementsByTagName(\"link\")[0].textContent;\n                    var image_link = 'src=\"'+item.getElementsByTagName(\"g:image_link\")[0].textContent+'\" ';\n                    var title = item.getElementsByTagName(\"title\")[0].textContent;\n\t\t\t\t\tvar customLabel0 = item.getElementsByTagName(\"g:custom_label_0\")[0]?.textContent || '';\n  var customLabel0 = item.getElementsByTagName(\"g:custom_label_0\")[0]?.textContent || '';\nvar customLabel1 = item.getElementsByTagName(\"g:custom_label_1\")[0]?.textContent || '';\n\nvar product = '<div class=\"col-md-'+grid+' text-center ds-analytics-blog-cross-selling-product order-'+index+'\" style=\"cursor:pointer;\" onclick=\"dataLayer.push({'+\n  '\\'event\\':\\'crosseling_product_click\\', '+\n  '\\'event_name\\':\\'crosseling_product_click\\', '+\n  '\\'link_text\\':\\'Comprar j\u00e1\\', '+\n  '\\'link_url\\':\\''+link+'\\', '+\n  '\\'category\\':\\''+customLabel0+'\/'+customLabel1+'\\', '+\n  '\\'product_name\\':\\''+title+'\\''+\n'});window.open(\\''+link+'\\');\"><img id=\"'+id_products+'\" '+image_link+' class=\"product-img-shop\" alt=\"'+title+'\" width=\"'+width+'\" height=\"'+height+'\"><p><a href=\"'+link+'\" target=\"_blank\" title=\"'+title+'\" style=\"color:#212529;\" class=\"ds-analytics-blog-cross-selling-product\"><strong>'+title+'<\/strong><\/a><\/p><button id=\"product-addtocart-button\" class=\"action primary tocart btn btn--secondary btn--big ds-analytics-blog-cross-selling-category\" title=\"Comprar j\u00e1\" type=\"submit\">Comprar j\u00e1 <\/button><\/div>';\n\/\/var product = '<div class=\"col-md-'+grid+' text-center ds-analytics-blog-cross-selling-product order-'+index+'\" style=\"cursor:pointer;\" onclick=\"dataLayer.push({\\'event\\':\\'blog_cross_selling_product\\', \\'ga4EventData\\': { \\'name\\':\\'d_blog\\', \\'category\\':\\'click\\', \\'label\\':\\'producto\\', \\'element\\': \\''+link+'\\'}});window.open(\\''+link+'\\');\"><img id=\"'+id_products+'\" '+image_link+' class=\"product-img-shop\" alt=\"'+title+'\" width=\"'+width+'\" height=\"'+height+'\"><p><a href=\"'+link+'\" target=\"_blank\" title=\"'+title+'\" style=\"color:#212529;\" class=\"ds-analytics-blog-cross-selling-product\"><strong>'+title+'<\/strong><\/a><\/p><button id=\"product-addtocart-button\" class=\"action primary tocart btn btn--secondary btn--big ds-analytics-blog-cross-selling-category\" title=\"Comprar j\u00e1\" type=\"submit\">Comprar j\u00e1 <\/button><\/div>';\n                    var grid_div = document.getElementById(\"external-products-NTH88573\");\n                    grid_div.innerHTML += product;\n                    products_found++;\n                }\n            });\n            if(products_found == all_ids.length){\n                break;\n            }\n        }\n        document.getElementById(\"load-products-NTH88573\").style.display = \"none\";\n        <\/script>\n    \n<!-- \/wp:shortcode -->\n\n<!-- wp:heading {\"level\":3} -->\n<h3>Em que altura do ano \u00e9 que os c\u00e3es perdem o pelo?<\/h3>\n<!-- \/wp:heading -->\n\n<!-- wp:paragraph -->\n<p><strong>A primavera <\/strong>\u00e9 a altura em que muitos donos de c\u00e3es notam muitas bolas de pelo a flutuar pela casa. Este fen\u00f3meno \u00e9, como j\u00e1 lhe dissemos, completamente natural, uma vez que o corpo do seu c\u00e3o se prepara para os dias mais quentes.<\/p>\n<!-- \/wp:paragraph -->\n\n<!-- wp:paragraph -->\n<p>Muitos c\u00e3es s\u00e3o protegidos com uma pelagem espessa no inverno para os isolar do frio. Quando chega a primavera, come\u00e7a a perder este pelo para dar lugar a um pelo mais fresco.<\/p>\n<!-- \/wp:paragraph -->\n\n<!-- wp:paragraph -->\n<p><strong>O outono <\/strong>\u00e9 outra altura do ano em que muitas ra\u00e7as perdem muito pelo. Neste caso, d\u00e1-se o processo inverso, os nossos c\u00e3es preparam-se para suportar melhor a descida das temperaturas.<\/p>\n<!-- \/wp:paragraph -->\n\n<!-- wp:quote -->\n<blockquote class=\"wp-block-quote\"><!-- wp:paragraph {\"style\":{\"color\":{\"background\":\"#eeeeeeed\"}}} -->\n<p class=\"has-background\" style=\"background-color:#eeeeeeed\">Se o seu c\u00e3o precisa de <strong>tosquiar o<\/strong> <strong>pelo<\/strong>, recomendamos que se dirija a um <strong>tosquiador<\/strong>, como o nosso centro <strong><a href=\"https:\/\/www.kiwoko.pt\/servicos\/banhos-e-tosquias-mundo-beleza\/\" target=\"_blank\" rel=\"noopener\" title=\"\">Mundo Beleza<\/a><\/strong>, uma vez que <strong>tosquiar o pelo <\/strong>\u00e9 um processo complexo para remover o excesso de pelo<strong> <\/strong>e os pelos<strong> <\/strong>mortos e deve ser efetuado por<strong> <\/strong>um <strong>profissional<\/strong>.<\/p>\n<!-- \/wp:paragraph --><\/blockquote>\n<!-- \/wp:quote -->\n\n<!-- wp:heading {\"level\":3} -->\n<h3>Quanto tempo \u00e9 necess\u00e1rio para mudar o pelo de um c\u00e3o?<\/h3>\n<!-- \/wp:heading -->\n\n<!-- wp:paragraph -->\n<p>Sabemos que<strong> <\/strong>lidar com a <strong>queda de pelo do seu c\u00e3o <\/strong>pode, por vezes, ser complicado, especialmente quando come\u00e7a a notar uma mudan\u00e7a completa no pelo do seu animal! \u00c9 por isso que uma das perguntas mais comuns que nos fazem<strong> <\/strong>\u00e9:<strong> Quanto tempo \u00e9 que os c\u00e3es demoram a mudar o pelo?<\/strong> E a resposta n\u00e3o \u00e9 simples.&nbsp;<\/p>\n<!-- \/wp:paragraph -->\n\n<!-- wp:paragraph -->\n<p>A dura\u00e7\u00e3o da queda de pelo varia muito de ra\u00e7a para ra\u00e7a e depende do facto de o c\u00e3o passar longos per\u00edodos dentro de casa ou n\u00e3o. A maior parte dos c\u00e3es tem uma<strong> <\/strong>queda de pelo durante <strong>um ou dois meses, <\/strong>enquanto outros o perdem durante todo o ano (embora em menor quantidade). O nosso conselho \u00e9 que compre uma <strong>escova para<\/strong> <strong>c\u00e3es <\/strong>para reduzir as bolas de pelo e um rolo de removedor de pelos para os sof\u00e1s - e muita paci\u00eancia!<\/p>\n<!-- \/wp:paragraph -->\n\n<!-- wp:shortcode -->\n        <div id=\"external-products-YES26737\" class=\"row external-products\">\n            <img decoding=\"async\" id=\"load-products-YES26737\" data-src=\"https:\/\/www.kiwoko.pt\/blog\/wp-content\/themes\/kiwoko\/inc\/assets\/images\/loading.gif\" width=\"50\" height=\"50\" alt=\"loading\" src=\"data:image\/svg+xml;base64,PHN2ZyB3aWR0aD0iMSIgaGVpZ2h0PSIxIiB4bWxucz0iaHR0cDovL3d3dy53My5vcmcvMjAwMC9zdmciPjwvc3ZnPg==\" class=\"lazyload\" style=\"--smush-placeholder-width: 50px; --smush-placeholder-aspect-ratio: 50\/50;\">\n        <\/div>\n        <script>\n        var id_products = \"YES26737,YES40131,NCR70122\";\n        id_products = id_products.replace(\/\\s\/g, '');\n        var all_ids = id_products.split(\",\");\n        \n        \/\/ Agregar sufijo _M a todos los c\u00f3digos\n        var all_ids = all_ids.map(function(id) {\n            return id + '_M';\n        });\n        \n        var not_found_products = 1;\n        var not_found_img_product = 0;\n        var ramdom_id = Math.round(Math.random() * 10000);\n        var grid = '12';\n\t\tvar width = '220';\n\t\tvar height = '220';\n        if(all_ids.length >= 4){\n            grid = '3';\n\t\t\twidth = '151';\n\t\t\theight = '151';\n        }else if(all_ids.length == 3){\n            grid = '4';\n\t\t\twidth = '211';\n\t\t\theight = '211';\n        }else if(all_ids.length == 2){\n            grid = '6';\n        }\n\t\n\tif(!items){\n        var feed = \"https:\/\/www.kiwoko.pt\/blog\/wp-content\/themes\/kiwoko\/feed-channable.xml\";\n        var request = new XMLHttpRequest();\n        request.open(\"GET\", feed, false);\n        request.send();\n        var xmlFromUrl = request.responseXML;\n        var parser = new DOMParser();\n        var xmlDoc = parser.parseFromString(feed, \"text\/xml\");\n        var items = xmlFromUrl.getElementsByTagName(\"item\");\n        }\n\n        var products_found = 0;\n        for (var item of items) {\n            all_ids.forEach(function(word, index) {\n                if(item.getElementsByTagName(\"g:item_group_id\")[0].textContent == word){\n                    not_found_products = 0;\n                    id_products = item.getElementsByTagName(\"g:item_group_id\")[0].textContent;\n                    var link = item.getElementsByTagName(\"link\")[0].textContent;\n                    var image_link = 'src=\"'+item.getElementsByTagName(\"g:image_link\")[0].textContent+'\" ';\n                    var title = item.getElementsByTagName(\"title\")[0].textContent;\n\t\t\t\t\tvar customLabel0 = item.getElementsByTagName(\"g:custom_label_0\")[0]?.textContent || '';\n  var customLabel0 = item.getElementsByTagName(\"g:custom_label_0\")[0]?.textContent || '';\nvar customLabel1 = item.getElementsByTagName(\"g:custom_label_1\")[0]?.textContent || '';\n\nvar product = '<div class=\"col-md-'+grid+' text-center ds-analytics-blog-cross-selling-product order-'+index+'\" style=\"cursor:pointer;\" onclick=\"dataLayer.push({'+\n  '\\'event\\':\\'crosseling_product_click\\', '+\n  '\\'event_name\\':\\'crosseling_product_click\\', '+\n  '\\'link_text\\':\\'Comprar j\u00e1\\', '+\n  '\\'link_url\\':\\''+link+'\\', '+\n  '\\'category\\':\\''+customLabel0+'\/'+customLabel1+'\\', '+\n  '\\'product_name\\':\\''+title+'\\''+\n'});window.open(\\''+link+'\\');\"><img id=\"'+id_products+'\" '+image_link+' class=\"product-img-shop\" alt=\"'+title+'\" width=\"'+width+'\" height=\"'+height+'\"><p><a href=\"'+link+'\" target=\"_blank\" title=\"'+title+'\" style=\"color:#212529;\" class=\"ds-analytics-blog-cross-selling-product\"><strong>'+title+'<\/strong><\/a><\/p><button id=\"product-addtocart-button\" class=\"action primary tocart btn btn--secondary btn--big ds-analytics-blog-cross-selling-category\" title=\"Comprar j\u00e1\" type=\"submit\">Comprar j\u00e1 <\/button><\/div>';\n\/\/var product = '<div class=\"col-md-'+grid+' text-center ds-analytics-blog-cross-selling-product order-'+index+'\" style=\"cursor:pointer;\" onclick=\"dataLayer.push({\\'event\\':\\'blog_cross_selling_product\\', \\'ga4EventData\\': { \\'name\\':\\'d_blog\\', \\'category\\':\\'click\\', \\'label\\':\\'producto\\', \\'element\\': \\''+link+'\\'}});window.open(\\''+link+'\\');\"><img id=\"'+id_products+'\" '+image_link+' class=\"product-img-shop\" alt=\"'+title+'\" width=\"'+width+'\" height=\"'+height+'\"><p><a href=\"'+link+'\" target=\"_blank\" title=\"'+title+'\" style=\"color:#212529;\" class=\"ds-analytics-blog-cross-selling-product\"><strong>'+title+'<\/strong><\/a><\/p><button id=\"product-addtocart-button\" class=\"action primary tocart btn btn--secondary btn--big ds-analytics-blog-cross-selling-category\" title=\"Comprar j\u00e1\" type=\"submit\">Comprar j\u00e1 <\/button><\/div>';\n                    var grid_div = document.getElementById(\"external-products-YES26737\");\n                    grid_div.innerHTML += product;\n                    products_found++;\n                }\n            });\n            if(products_found == all_ids.length){\n                break;\n            }\n        }\n        document.getElementById(\"load-products-YES26737\").style.display = \"none\";\n        <\/script>\n    \n<!-- \/wp:shortcode -->\n\n<!-- wp:spacer {\"height\":\"29px\"} -->\n<div style=\"height:29px\" aria-hidden=\"true\" class=\"wp-block-spacer\"><\/div>\n<!-- \/wp:spacer -->\n\n<!-- wp:buttons {\"className\":\"text-center\",\"layout\":{\"type\":\"flex\",\"justifyContent\":\"center\"}} -->\n<div class=\"wp-block-buttons text-center\"><!-- wp:button {\"textColor\":\"white\",\"style\":{\"color\":{\"background\":\"#cc292a\"}},\"className\":\"text-center\"} -->\n<div class=\"wp-block-button text-center\"><a class=\"wp-block-button__link has-white-color has-text-color has-background wp-element-button\" href=\"https:\/\/www.kiwoko.pt\/caes\/higiene-para-caes\/cuidado-do-pelo\/escovas-e-pentes\/\" style=\"background-color:#cc292a\" target=\"_blank\" rel=\"noreferrer noopener\">Ver todas as escovas para c\u00e3es<\/a><\/div>\n<!-- \/wp:button --><\/div>\n<!-- \/wp:buttons -->\n\n<!-- wp:spacer {\"height\":\"29px\"} -->\n<div style=\"height:29px\" aria-hidden=\"true\" class=\"wp-block-spacer\"><\/div>\n<!-- \/wp:spacer -->\n\n<!-- wp:heading -->\n<h2>Mudan\u00e7a de pelo de cachorro para adulto<\/h2>\n<!-- \/wp:heading -->\n\n<!-- wp:paragraph -->\n<p>O pelo de um cachorro \u00e9 macio e muito fofo, mas n\u00e3o dura para sempre. Quando o cachorro se torna um c\u00e3o adulto, o pelo torna-se mais duro, mais espesso e mais r\u00edgido, pelo que \u00e9 necess\u00e1rio <strong>mudar o pelo de cachorro para c\u00e3o adulto<\/strong>.<\/p>\n<!-- \/wp:paragraph -->\n\n<!-- wp:paragraph -->\n<p><strong>O processo de muda <\/strong>de cachorro para adulto come\u00e7a com a idade de <strong>quatro a seis meses<\/strong>, embora este per\u00edodo possa ser mais longo, dependendo da ra\u00e7a.&nbsp;<\/p>\n<!-- \/wp:paragraph -->\n\n<!-- wp:heading -->\n<h2>Como posso saber se o meu c\u00e3o come\u00e7ou a perder pelo?<\/h2>\n<!-- \/wp:heading -->\n\n<!-- wp:paragraph -->\n<p>Trata-se de um <strong>processo e de um fen\u00f3meno natural<\/strong>. O c\u00e3o come\u00e7a a perder pelo para se sentir mais fresco no ver\u00e3o e, quando chega o outono, renova a pelagem para se manter quente no inverno.<\/p>\n<!-- \/wp:paragraph -->\n\n<!-- wp:paragraph -->\n<p>Para saber se o seu c\u00e3o j\u00e1 come\u00e7ou a perder pelo, consulte alguns dos sintomas que ocorrem quando o seu c\u00e3o perde pelo.<\/p>\n<!-- \/wp:paragraph -->\n\n<!-- wp:list -->\n<ul><!-- wp:list-item -->\n<li><strong>Se encontrar pelos em casa<\/strong>, <strong>na roupa ou bolas e tufos de pelo <\/strong>no<strong> <\/strong>pr\u00f3prio pelo do seu c\u00e3o, isso indica que ele est\u00e1 a <strong>perder pelo<\/strong>. No entanto, n\u00e3o se esque\u00e7a de que muitos c\u00e3es mudam de pelo ao longo do ano, pelo que deve verificar se se trata de um fen\u00f3meno habitual ou n\u00e3o.<\/li>\n<!-- \/wp:list-item -->\n\n<!-- wp:list-item -->\n<li>No que diz respeito ao pelo, <strong>alguns c\u00e3es mudam a cor e a textura do seu pelo durante este processo<\/strong>. Assim, se encontrar diferentes camadas de pelo, significa que est\u00e1 a ser criada uma nova pelagem.<\/li>\n<!-- \/wp:list-item -->\n\n<!-- wp:list-item -->\n<li><strong>Se o seu c\u00e3o se co\u00e7a com muita frequ\u00eancia<\/strong>, \u00e9 prov\u00e1vel que esteja a perder pelo, porque o pelo que ele perde e que ainda pertence ao seu corpo provoca comich\u00e3o. No entanto, esta comich\u00e3o (prurido) pode tamb\u00e9m ter muitas outras causas. \u00c9 importante que esteja atento ao seu animal de estima\u00e7\u00e3o para descobrir a causa.<\/li>\n<!-- \/wp:list-item --><\/ul>\n<!-- \/wp:list -->\n\n<!-- wp:heading -->\n<h2>Porque \u00e9 que os c\u00e3es perdem o pelo?<\/h2>\n<!-- \/wp:heading -->\n\n<!-- wp:paragraph -->\n<p>A muda \u00e9 um <strong>processo natural <\/strong>em que o seu c\u00e3o solta pelos mortos para dar lugar a novos pelos ou para aligeirar o pelo quando a temperatura sobe.<\/p>\n<!-- \/wp:paragraph -->\n\n<!-- wp:paragraph -->\n<p>Alguns c\u00e3es t\u00eam ciclos de crescimento do pelo mais longos, pelo que parecem n\u00e3o perder pelo. Outros c\u00e3es, como os <strong>Border Collies<\/strong> ou <strong>Golden Retrievers<\/strong>, t\u00eam um pelo espesso e duplo que podem perder durante todo o ano.<\/p>\n<!-- \/wp:paragraph -->\n\n<!-- wp:paragraph -->\n<p>H\u00e1 outros c\u00e3es que perdem a sua pelagem dupla duas vezes por ano em grandes ondas de bolas de pelo por todo o lado. Este pelo \u00e9 geralmente de cor mais clara e de textura mais macia, e solta-se facilmente do animal.<\/p>\n<!-- \/wp:paragraph -->\n\n<!-- wp:paragraph -->\n<p>Por \u00faltimo, recomendamos a leitura dos seguintes artigos para obter mais informa\u00e7\u00f5es sobre o cuidado do pelo do seu c\u00e3o:<\/p>\n<!-- \/wp:paragraph -->\n\n<!-- wp:list -->\n<ul><!-- wp:list-item -->\n<li><strong><a href=\"https:\/\/www.kiwoko.pt\/blog\/trimming-em-caes-tudo-sobre-esta-tecnica-de-aparar\/\" title=\"Trimming em c\u00e3es: tudo sobre esta t\u00e9cnica de aparar\">Trimming em c\u00e3es: tudo sobre esta t\u00e9cnica de aparar<\/a><\/strong><\/li>\n<!-- \/wp:list-item -->\n\n<!-- wp:list-item -->\n<li><strong><a href=\"https:\/\/www.kiwoko.pt\/blog\/cortes-de-pelo-para-spitz-alemao\/\" title=\"Cortes de pelo para spitz alem\u00e3o\">Cortes de pelo para spitz alem\u00e3o<\/a><\/strong><\/li>\n<!-- \/wp:list-item -->\n\n<!-- wp:list-item -->\n<li><a href=\"https:\/\/www.kiwoko.pt\/blog\/como-escolher-a-escova-adequada-para-seu-cao-ou-gato\/\"><strong>Dicas de escovagem: como escolher a escova certa para o seu c\u00e3o<\/strong><\/a><\/li>\n<!-- \/wp:list-item -->\n\n<!-- wp:list-item -->\n<li><strong><a href=\"https:\/\/www.kiwoko.pt\/blog\/caes-de-pelo-encaracolado\/\" title=\"C\u00e3es de pelo encaracolado: como cuidar da sua pelagem?\">C\u00e3es de pelo encaracolado: como cuidar da sua pelagem?<\/a><\/strong><\/li>\n<!-- \/wp:list-item --><\/ul>\n<!-- \/wp:list -->\n\n<!-- wp:paragraph {\"style\":{\"color\":{\"background\":\"#f0f0f0\"}}} -->\n<p class=\"has-background\" style=\"background-color:#f0f0f0\">Se tiver alguma d\u00favida, sabe que pode sempre ir a qualquer <a href=\"https:\/\/www.kiwoko.pt\/lojas?showMap=true&amp;horizontalView=true&amp;isForm=true\" target=\"_blank\" rel=\"noopener\" title=\"\"><strong>loja Kiwoko<\/strong><\/a> e perguntar a um dos nossos especialistas. Se tiver a certeza, fa\u00e7a a sua encomenda em <a href=\"https:\/\/www.kiwoko.pt\/\" target=\"_blank\" rel=\"noopener\" title=\"\"><strong>Kiwoko.pt<\/strong><\/a><\/p>\n<!-- \/wp:paragraph -->","protected":false},"excerpt":{"rendered":"<p>A altura da troca do pelo nos c\u00e3es \u00e9 talvez uma das mais temidas por todos os donos. Nesta publica\u00e7\u00e3o contamos-lhe porque se produz, quando se produz e quanto dura.<\/p>\n","protected":false},"author":23,"featured_media":11329,"comment_status":"closed","ping_status":"closed","sticky":false,"template":"","format":"standard","meta":{"_acf_changed":false,"_uag_custom_page_level_css":"","footnotes":""},"categories":[6],"tags":[20,19,33],"class_list":["post-182","post","type-post","status-publish","format-standard","has-post-thumbnail","hentry","category-caes","tag-beleza","tag-higiene","tag-saude-e-cuidados"],"acf":[],"uagb_featured_image_src":{"full":["https:\/\/www.kiwoko.pt\/blog\/wp-content\/uploads\/2020\/03\/queda-de-pelo-nos-caes.jpg",1118,350,false],"thumbnail":["https:\/\/www.kiwoko.pt\/blog\/wp-content\/uploads\/2020\/03\/queda-de-pelo-nos-caes.jpg",150,47,false],"medium":["https:\/\/www.kiwoko.pt\/blog\/wp-content\/uploads\/2020\/03\/queda-de-pelo-nos-caes.jpg",300,94,false],"medium_large":["https:\/\/www.kiwoko.pt\/blog\/wp-content\/uploads\/2020\/03\/queda-de-pelo-nos-caes.jpg",768,240,false],"large":["https:\/\/www.kiwoko.pt\/blog\/wp-content\/uploads\/2020\/03\/queda-de-pelo-nos-caes.jpg",1024,321,false],"1536x1536":["https:\/\/www.kiwoko.pt\/blog\/wp-content\/uploads\/2020\/03\/queda-de-pelo-nos-caes.jpg",1118,350,false],"2048x2048":["https:\/\/www.kiwoko.pt\/blog\/wp-content\/uploads\/2020\/03\/queda-de-pelo-nos-caes.jpg",1118,350,false]},"uagb_author_info":{"display_name":"Carla","author_link":"https:\/\/www.kiwoko.pt\/blog\/author\/carla\/"},"uagb_comment_info":2,"uagb_excerpt":"A altura da troca do pelo nos c\u00e3es \u00e9 talvez uma das mais temidas por todos os donos. Nesta publica\u00e7\u00e3o contamos-lhe porque se produz, quando se produz e quanto dura.","_links":{"self":[{"href":"https:\/\/www.kiwoko.pt\/blog\/wp-json\/wp\/v2\/posts\/182","targetHints":{"allow":["GET"]}}],"collection":[{"href":"https:\/\/www.kiwoko.pt\/blog\/wp-json\/wp\/v2\/posts"}],"about":[{"href":"https:\/\/www.kiwoko.pt\/blog\/wp-json\/wp\/v2\/types\/post"}],"author":[{"embeddable":true,"href":"https:\/\/www.kiwoko.pt\/blog\/wp-json\/wp\/v2\/users\/23"}],"replies":[{"embeddable":true,"href":"https:\/\/www.kiwoko.pt\/blog\/wp-json\/wp\/v2\/comments?post=182"}],"version-history":[{"count":16,"href":"https:\/\/www.kiwoko.pt\/blog\/wp-json\/wp\/v2\/posts\/182\/revisions"}],"predecessor-version":[{"id":11346,"href":"https:\/\/www.kiwoko.pt\/blog\/wp-json\/wp\/v2\/posts\/182\/revisions\/11346"}],"wp:featuredmedia":[{"embeddable":true,"href":"https:\/\/www.kiwoko.pt\/blog\/wp-json\/wp\/v2\/media\/11329"}],"wp:attachment":[{"href":"https:\/\/www.kiwoko.pt\/blog\/wp-json\/wp\/v2\/media?parent=182"}],"wp:term":[{"taxonomy":"category","embeddable":true,"href":"https:\/\/www.kiwoko.pt\/blog\/wp-json\/wp\/v2\/categories?post=182"},{"taxonomy":"post_tag","embeddable":true,"href":"https:\/\/www.kiwoko.pt\/blog\/wp-json\/wp\/v2\/tags?post=182"}],"curies":[{"name":"wp","href":"https:\/\/api.w.org\/{rel}","templated":true}]}}