{"id":12012,"date":"2025-05-13T09:16:30","date_gmt":"2025-05-13T08:16:30","guid":{"rendered":"https:\/\/www.kiwoko.pt\/blog\/?p=12012"},"modified":"2025-05-13T09:16:30","modified_gmt":"2025-05-13T08:16:30","slug":"dia-internacional-do-cao-sem-raca","status":"publish","type":"post","link":"https:\/\/www.kiwoko.pt\/blog\/dia-internacional-do-cao-sem-raca\/","title":{"rendered":"Dia Internacional do C\u00e3o sem Ra\u00e7a: adote uma nova vida"},"content":{"rendered":"<!-- wp:paragraph -->\n<p>Na <strong>Kiwoko<\/strong>, queremos dar a estes queridos amigos de quatro patas a import\u00e2ncia e o valor que merecem, e gostar\u00edamos que tamb\u00e9m marcasse no seu calend\u00e1rio esta data.<\/p>\n<!-- \/wp:paragraph -->\n\n<!-- wp:paragraph -->\n<p>Se est\u00e1 a pensar em adotar <strong>um novo membro da fam\u00edlia<\/strong>, neste artigo vamos explicar-lhe todos os aspetos positivos da ado\u00e7\u00e3o de um c\u00e3o mesti\u00e7o. Se j\u00e1 partilha a sua vida com um destes c\u00e3es, certamente saber\u00e1 tudo isto e talvez se decida pelo segundo.<\/p>\n<!-- \/wp:paragraph -->\n\n<!-- wp:heading -->\n<h2 class=\"wp-block-heading\">Comemora\u00e7\u00e3o do Dia Internacional do C\u00e3o sem Ra\u00e7a<\/h2>\n<!-- \/wp:heading -->\n\n<!-- wp:paragraph -->\n<p><strong>28 de maio \u00e9 o Dia Internacional do C\u00e3o sem Ra\u00e7a<\/strong>, um dia para defender os c\u00e3es sem pedigree e encorajar as pessoas a dar uma segunda oportunidade a estes c\u00e3es \u00fanicos e interessantes.&nbsp;<\/p>\n<!-- \/wp:paragraph -->\n\n<!-- wp:paragraph -->\n<p>Faz-lhe companhia, mant\u00e9m-no em forma, \u00e9 o seu apoio emocional e o seu melhor amigo... Existem in\u00fameras raz\u00f5es para ter um c\u00e3o. Ent\u00e3o, o que poderia ser melhor do que dar uma oportunidade a um c\u00e3o sem ra\u00e7a?<\/p>\n<!-- \/wp:paragraph -->\n\n<!-- wp:paragraph -->\n<p>Se ainda tem d\u00favidas, temos algumas provas para o ajudar a esclarecer - continue a ler!<\/p>\n<!-- \/wp:paragraph -->\n\n<!-- wp:heading -->\n<h2 class=\"wp-block-heading\">Raz\u00f5es para adotar um c\u00e3o sem ra\u00e7a<\/h2>\n<!-- \/wp:heading -->\n\n<!-- wp:paragraph -->\n<p>Claro que h\u00e1 muitas outras raz\u00f5es para <strong>adotar um c\u00e3o sem ra\u00e7a<\/strong>, mas n\u00f3s escolhemos estas seis. Vamos ver a sua opini\u00e3o!<\/p>\n<!-- \/wp:paragraph -->\n\n<!-- wp:heading {\"level\":3,\"style\":{\"color\":{\"background\":\"#eeeeeeed\"}}} -->\n<h3 class=\"wp-block-heading has-background\" style=\"background-color:#eeeeeeed\">Dar uma segunda oportunidade<\/h3>\n<!-- \/wp:heading -->\n\n<!-- wp:paragraph -->\n<p>N\u00e3o s\u00f3 est\u00e1 a oferecer um lar ao seu novo c\u00e3o, como tamb\u00e9m est\u00e1 a deixar uma vaga no abrigo, o que pode levar a <strong>outra ado\u00e7\u00e3o<\/strong>. Desta forma, n\u00e3o s\u00f3 est\u00e1 a oferecer uma vida digna a um animal, como tamb\u00e9m est\u00e1 a ajudar a garantir que o seu sucessor tenha as mesmas oportunidades.<\/p>\n<!-- \/wp:paragraph -->\n\n<!-- wp:heading {\"level\":3,\"style\":{\"color\":{\"background\":\"#eeeeeeed\"}}} -->\n<h3 class=\"wp-block-heading has-background\" style=\"background-color:#eeeeeeed\">Nobreza e lealdade<\/h3>\n<!-- \/wp:heading -->\n\n<!-- wp:paragraph -->\n<p>A gratid\u00e3o destes c\u00e3es \u00e9 infinita, lembre-se de que a sua vida anterior n\u00e3o foi muito agrad\u00e1vel e o la\u00e7o afetivo que se constr\u00f3i entre voc\u00eas ser\u00e1 t\u00e3o forte que eles o mostrar\u00e3o a cada segundo.<\/p>\n<!-- \/wp:paragraph -->\n\n<!-- wp:heading {\"level\":3,\"style\":{\"color\":{\"background\":\"#eeeeeeed\"}}} -->\n<h3 class=\"wp-block-heading has-background\" style=\"background-color:#eeeeeeed\">Boa sa\u00fade<\/h3>\n<!-- \/wp:heading -->\n\n<!-- wp:paragraph -->\n<p>Um <strong>c\u00e3o mesti\u00e7o <\/strong>vive mais tempo do que um c\u00e3o de ra\u00e7a<strong> <\/strong>e tende a ter melhor sa\u00fade, uma vez que n\u00e3o \u00e9 propenso \u00e0s doen\u00e7as heredit\u00e1rias que os c\u00e3es de ra\u00e7a pura t\u00eam.<\/p>\n<!-- \/wp:paragraph -->\n\n<!-- wp:heading {\"level\":3,\"style\":{\"color\":{\"background\":\"#eeeeeeed\"}}} -->\n<h3 class=\"wp-block-heading has-background\" style=\"background-color:#eeeeeeed\">N\u00edvel de atividade ou car\u00e1ter<\/h3>\n<!-- \/wp:heading -->\n\n<!-- wp:paragraph -->\n<p>Se adotar um c\u00e3o adulto, pode escolher um companheiro que tenha um ritmo de vida semelhante ao seu. Isto \u00e9 muito importante para a sua vida em comum.<\/p>\n<!-- \/wp:paragraph -->\n\n<!-- wp:heading {\"level\":3,\"style\":{\"color\":{\"background\":\"#eeeeeeed\"}}} -->\n<h3 class=\"wp-block-heading has-background\" style=\"background-color:#eeeeeeed\">Intelig\u00eancia<\/h3>\n<!-- \/wp:heading -->\n\n<!-- wp:paragraph -->\n<p>Sabia que <strong>os c\u00e3es que n\u00e3o t\u00eam ra\u00e7a<\/strong> s\u00e3o considerados mais inteligentes do que os com pedigree? Isto deve-se ao vigor h\u00edbrido, o que significa que quanto menos relacionadas forem duas ra\u00e7as que se cruzam, melhores ser\u00e3o os genes do indiv\u00edduo produzido.<\/p>\n<!-- \/wp:paragraph -->\n\n<!-- wp:heading {\"level\":3,\"style\":{\"color\":{\"background\":\"#eeeeeeed\"}}} -->\n<h3 class=\"wp-block-heading has-background\" style=\"background-color:#eeeeeeed\">S\u00e3o \u00fanicos!<\/h3>\n<!-- \/wp:heading -->\n\n<!-- wp:paragraph -->\n<p>Se <strong>adotar um c\u00e3o mesti\u00e7o<\/strong>, ter\u00e1 um c\u00e3o<strong> <\/strong>\u00fanico e insubstitu\u00edvel!<\/p>\n<!-- \/wp:paragraph -->\n\n<!-- wp:heading -->\n<h2 class=\"wp-block-heading\">Porque \u00e9 que precisa de um c\u00e3o sem ra\u00e7a na sua vida?<\/h2>\n<!-- \/wp:heading -->\n\n<!-- wp:paragraph -->\n<p><strong>Adotar um c\u00e3o sem ra\u00e7a <\/strong>\u00e9 uma decis\u00e3o importante. Se j\u00e1 sabe que quer adotar um c\u00e3o, porque n\u00e3o dar uma oportunidade a estes c\u00e3es? Encontrar\u00e1 muito mais c\u00e3es sem ra\u00e7a nos abrigos do que c\u00e3es com pedigree, e \u00e9 garantido que se apaixonar\u00e1 por um deles!<\/p>\n<!-- \/wp:paragraph -->\n\n<!-- wp:paragraph -->\n<p>J\u00e1 lhe demos a chave para adotar um c\u00e3o sem ra\u00e7a, por isso, de que est\u00e1 \u00e0 espera? Ele ficar\u00e1 eternamente grato e voc\u00ea n\u00e3o poderia ter escolhido um melhor companheiro para partilhar a sua vida.<\/p>\n<!-- \/wp:paragraph -->\n\n<!-- wp:paragraph -->\n<p>Ainda h\u00e1 muito a fazer e muitas <strong>hist\u00f3rias de ado\u00e7\u00e3o<\/strong> para contar, algumas das quais pode ver no nosso blogue, que o convidamos a conhecer e a partilhar. Para n\u00f3s, os benef\u00edcios de viver com um animal de estima\u00e7\u00e3o s\u00e3o incomensur\u00e1veis.<\/p>\n<!-- \/wp:paragraph -->\n\n<!-- wp:heading -->\n<h2 class=\"wp-block-heading\">Como adotar um c\u00e3o sem ra\u00e7a?<\/h2>\n<!-- \/wp:heading -->\n\n<!-- wp:paragraph -->\n<p>Gostar\u00edamos de lhe lembrar que, infelizmente, o n\u00famero de c\u00e3es sem ra\u00e7a ou mesti\u00e7os \u00e9 o mais elevado nos abrigos de animais. Se, ap\u00f3s uma cuidadosa reflex\u00e3o, decidiu dar este passo, pode procurar o seu <strong>c\u00e3ozinho compat\u00edvel nas plataformas e associa\u00e7\u00f5es locais<\/strong>.<\/p>\n<!-- \/wp:paragraph -->\n\n<!-- wp:table {\"hasFixedLayout\":false,\"className\":\"is-style-stripes\"} -->\n<figure class=\"wp-block-table is-style-stripes\"><table><tbody><tr><td>        <style>.ds-icon-mobile{display:none;}@media screen and (max-width: 767px) {.ds-icon-desktop{display:none;}.ds-icon-mobile{display:inline;}}<\/style>\n    <span style=\"color:#cc3333\">\n            <svg class=\"bi d-sm-inline-block d-md-inline-block d-lg-inline-block d-xl-inline-block ds-icon-desktop\" width=\"20\" height=\"20\" fill=\"#cc3333\">\n        <use xlink:href=\"https:\/\/www.kiwoko.pt\/blog\/wp-content\/plugins\/ds-icons\/bootstrap-icons\/bootstrap-icons.svg#heart-fill\"\/>\n        <\/svg>\n        <svg class=\"bi d-inline-block d-sm-none d-md-none d-lg-none d-xl-none ds-icon-mobile\" width=\"20\" height=\"20\" fill=\"#cc3333\">\n        <use xlink:href=\"https:\/\/www.kiwoko.pt\/blog\/wp-content\/plugins\/ds-icons\/bootstrap-icons\/bootstrap-icons.svg#heart-fill\"\/>\n        <\/svg>\n        <\/span>\n    <\/td><td>Para saber como isto funciona em pormenor, neste artigo vamos mostrar-lhe os <strong><a href=\"https:\/\/www.kiwoko.pt\/blog\/dia-internacional-da-adocao\/\">passos que deve dar para realizar uma ado\u00e7\u00e3o respons\u00e1vel<\/a>.<\/strong><\/td><\/tr><\/tbody><\/table><\/figure>\n<!-- \/wp:table -->\n\n<!-- wp:paragraph -->\n<p>Pode tamb\u00e9m dirigir-se a uma das nossas <strong><a href=\"https:\/\/lojas.kiwoko.pt\/\" target=\"_blank\" rel=\"noopener\" title=\"\">lojas Kiwoko<\/a> <\/strong>e perguntar diretamente sobre os animais que temos para ado\u00e7\u00e3o, e n\u00f3s ajud\u00e1-lo-emos com tudo o que precisa!<\/p>\n<!-- \/wp:paragraph -->\n\n<!-- wp:heading -->\n<h2 class=\"wp-block-heading\">Como \u00e9 que o Dia Internacional do C\u00e3o sem Ra\u00e7a pode ser celebrado em 2024?<\/h2>\n<!-- \/wp:heading -->\n\n<!-- wp:paragraph -->\n<p>Para celebrar os not\u00e1veis c\u00e3es sem ra\u00e7a, a Kiwoko organizou uma grande recolha de alimentos em 2024. Por cada quilo de comida doada, do\u00e1mos uma por\u00e7\u00e3o extra de comida!<\/p>\n<!-- \/wp:paragraph -->\n\n<!-- wp:heading {\"level\":3} -->\n<h3 class=\"wp-block-heading\">Factos sobre a doa\u00e7\u00e3o de s\u00e1bado, 25 de maio de 2024<\/h3>\n<!-- \/wp:heading -->\n\n<!-- wp:paragraph -->\n<p>Em 25 de maio, celebr\u00e1mos <strong>um dia de recolha de alimentos e um dia de ado\u00e7\u00e3o <\/strong>em todas as nossas loja Kiwoko.<\/p>\n<!-- \/wp:paragraph -->\n\n<!-- wp:quote -->\n<blockquote class=\"wp-block-quote\"><!-- wp:paragraph {\"style\":{\"color\":{\"background\":\"#eeeeeeed\"}}} -->\n<p class=\"has-background\" style=\"background-color:#eeeeeeed\">Recolhemos um total de <strong>20.429,65 kg <\/strong>em todas as nossas lojas Kiwoko.<\/p>\n<!-- \/wp:paragraph --><\/blockquote>\n<!-- \/wp:quote -->\n\n<!-- wp:image {\"id\":46909,\"sizeSlug\":\"full\",\"linkDestination\":\"none\"} -->\n<figure class=\"wp-block-image size-full\"><img decoding=\"async\" data-src=\"https:\/\/www.kiwoko.com\/blogmundoanimal\/wp-content\/uploads\/2024\/05\/REINO-DE-LEON-PELUDINES-SIN-SUERTE.jpg\" alt=\"Kiwoko reino de leon adop\u00e7\u00f5es\" class=\"wp-image-46909 lazyload\" src=\"data:image\/svg+xml;base64,PHN2ZyB3aWR0aD0iMSIgaGVpZ2h0PSIxIiB4bWxucz0iaHR0cDovL3d3dy53My5vcmcvMjAwMC9zdmciPjwvc3ZnPg==\" \/><\/figure>\n<!-- \/wp:image -->\n\n<!-- wp:paragraph -->\n<p>Gra\u00e7as \u00e0s celebra\u00e7\u00f5es do Dia da Ado\u00e7\u00e3o nas nossas lojas Kiwoko, <strong>recebemos 19 pedidos de ado\u00e7\u00e3o (14 gatos e 5 c\u00e3es) <\/strong>e temos a certeza de que v\u00e3o ser muito felizes nas suas novas fam\u00edlias!<\/p>\n<!-- \/wp:paragraph -->\n\n<!-- wp:paragraph -->\n<p>Quer ver as fotografias deste grande evento? Aqui est\u00e3o algumas delas:<\/p>\n<!-- \/wp:paragraph -->\n\n<!-- wp:columns -->\n<div class=\"wp-block-columns\"><!-- wp:column -->\n<div class=\"wp-block-column\"><!-- wp:image {\"id\":46913,\"sizeSlug\":\"large\",\"linkDestination\":\"none\"} -->\n<figure class=\"wp-block-image size-large\"><img decoding=\"async\" data-src=\"https:\/\/www.kiwoko.com\/blogmundoanimal\/wp-content\/uploads\/2024\/05\/MIJAS-MIRAMAR-ASOC.-ANIMAL-CARE-ESPANA-768x1024.jpg\" alt=\"mijas Dia Internacional do C\u00e3o sem Ra\u00e7a\" class=\"wp-image-46913 lazyload\" src=\"data:image\/svg+xml;base64,PHN2ZyB3aWR0aD0iMSIgaGVpZ2h0PSIxIiB4bWxucz0iaHR0cDovL3d3dy53My5vcmcvMjAwMC9zdmciPjwvc3ZnPg==\" style=\"--smush-placeholder-width: 768px; --smush-placeholder-aspect-ratio: 768\/1024;\" \/><\/figure>\n<!-- \/wp:image --><\/div>\n<!-- \/wp:column -->\n\n<!-- wp:column -->\n<div class=\"wp-block-column\"><!-- wp:image {\"id\":46919,\"sizeSlug\":\"large\",\"linkDestination\":\"none\"} -->\n<figure class=\"wp-block-image size-large\"><img decoding=\"async\" data-src=\"https:\/\/www.kiwoko.com\/blogmundoanimal\/wp-content\/uploads\/2024\/05\/PARQUE-CORREDOR-ASCAN-MADRID-769x1024.jpg\" alt=\"madrid Dia Internacional do C\u00e3o sem Ra\u00e7a\" class=\"wp-image-46919 lazyload\" src=\"data:image\/svg+xml;base64,PHN2ZyB3aWR0aD0iMSIgaGVpZ2h0PSIxIiB4bWxucz0iaHR0cDovL3d3dy53My5vcmcvMjAwMC9zdmciPjwvc3ZnPg==\" style=\"--smush-placeholder-width: 769px; --smush-placeholder-aspect-ratio: 769\/1024;\" \/><\/figure>\n<!-- \/wp:image --><\/div>\n<!-- \/wp:column -->\n\n<!-- wp:column -->\n<div class=\"wp-block-column\"><!-- wp:image {\"id\":46915,\"sizeSlug\":\"large\",\"linkDestination\":\"none\"} -->\n<figure class=\"wp-block-image size-large\"><img decoding=\"async\" data-src=\"https:\/\/www.kiwoko.com\/blogmundoanimal\/wp-content\/uploads\/2024\/05\/LUGO-AS-TERMAS-S.P.A.P-LUGO-min-768x1024.jpg\" alt=\"lugo Dia Internacional do C\u00e3o sem Ra\u00e7a\" class=\"wp-image-46915 lazyload\" src=\"data:image\/svg+xml;base64,PHN2ZyB3aWR0aD0iMSIgaGVpZ2h0PSIxIiB4bWxucz0iaHR0cDovL3d3dy53My5vcmcvMjAwMC9zdmciPjwvc3ZnPg==\" style=\"--smush-placeholder-width: 768px; --smush-placeholder-aspect-ratio: 768\/1024;\" \/><\/figure>\n<!-- \/wp:image --><\/div>\n<!-- \/wp:column --><\/div>\n<!-- \/wp:columns -->\n\n<!-- wp:image {\"id\":46918,\"width\":\"633px\",\"height\":\"475px\",\"sizeSlug\":\"large\",\"linkDestination\":\"none\",\"align\":\"center\"} -->\n<figure class=\"wp-block-image aligncenter size-large is-resized\"><img decoding=\"async\" data-src=\"https:\/\/www.kiwoko.com\/blogmundoanimal\/wp-content\/uploads\/2024\/05\/ALGECIRAS-ASOCIACION-ZAMPE-1024x768.jpg\" alt=\"algeciras Dia Internacional do C\u00e3o sem Ra\u00e7a\" class=\"wp-image-46918 lazyload\" style=\"--smush-placeholder-width: 1024px; --smush-placeholder-aspect-ratio: 1024\/768;width:633px;height:475px\" src=\"data:image\/svg+xml;base64,PHN2ZyB3aWR0aD0iMSIgaGVpZ2h0PSIxIiB4bWxucz0iaHR0cDovL3d3dy53My5vcmcvMjAwMC9zdmciPjwvc3ZnPg==\" \/><\/figure>\n<!-- \/wp:image -->\n\n<!-- wp:columns -->\n<div class=\"wp-block-columns\"><!-- wp:column -->\n<div class=\"wp-block-column\"><!-- wp:image {\"id\":46914,\"sizeSlug\":\"large\",\"linkDestination\":\"none\",\"align\":\"left\"} -->\n<figure class=\"wp-block-image alignleft size-large\"><img decoding=\"async\" data-src=\"https:\/\/www.kiwoko.com\/blogmundoanimal\/wp-content\/uploads\/2024\/05\/TORRELAVEGA-CATYDOG-1024x461.jpg\" alt=\"torrelavega Dia Internacional do C\u00e3o sem Ra\u00e7a\" class=\"wp-image-46914 lazyload\" src=\"data:image\/svg+xml;base64,PHN2ZyB3aWR0aD0iMSIgaGVpZ2h0PSIxIiB4bWxucz0iaHR0cDovL3d3dy53My5vcmcvMjAwMC9zdmciPjwvc3ZnPg==\" style=\"--smush-placeholder-width: 1024px; --smush-placeholder-aspect-ratio: 1024\/461;\" \/><\/figure>\n<!-- \/wp:image --><\/div>\n<!-- \/wp:column -->\n\n<!-- wp:column -->\n<div class=\"wp-block-column\"><!-- wp:image {\"id\":46910,\"width\":\"209px\",\"height\":\"156px\",\"sizeSlug\":\"full\",\"linkDestination\":\"none\",\"align\":\"center\"} -->\n<figure class=\"wp-block-image aligncenter size-full is-resized\"><img decoding=\"async\" data-src=\"https:\/\/www.kiwoko.com\/blogmundoanimal\/wp-content\/uploads\/2024\/05\/PONFERRADA-ALMA-GEMELA.jpg\" alt=\"ponferrada Dia Internacional do C\u00e3o sem Ra\u00e7a\" class=\"wp-image-46910 lazyload\" style=\"width:209px;height:156px\" src=\"data:image\/svg+xml;base64,PHN2ZyB3aWR0aD0iMSIgaGVpZ2h0PSIxIiB4bWxucz0iaHR0cDovL3d3dy53My5vcmcvMjAwMC9zdmciPjwvc3ZnPg==\" \/><\/figure>\n<!-- \/wp:image --><\/div>\n<!-- \/wp:column --><\/div>\n<!-- \/wp:columns -->\n\n<!-- wp:paragraph -->\n<p>Precisa de mais raz\u00f5es para adotar? Leia os nossos artigos sobre ado\u00e7\u00e3o para obter respostas \u00e0s suas perguntas:<\/p>\n<!-- \/wp:paragraph -->\n\n<!-- wp:list -->\n<ul class=\"wp-block-list\"><!-- wp:list-item -->\n<li><strong><a href=\"https:\/\/www.kiwoko.pt\/blog\/vantagens-adotar-um-cao-senior\/\">Vantagens de adotar um c\u00e3o mais velho<\/a><\/strong><\/li>\n<!-- \/wp:list-item -->\n\n<!-- wp:list-item -->\n<li><strong><a href=\"https:\/\/www.kiwoko.pt\/blog\/animais-de-estimacao-e-familias\/\">Os benef\u00edcios para a sa\u00fade de adotar um animal de estima\u00e7\u00e3o<\/a><\/strong><\/li>\n<!-- \/wp:list-item -->\n\n<!-- wp:list-item -->\n<li><strong><a href=\"https:\/\/www.kiwoko.pt\/blog\/porque-e-que-os-animais-sao-bons-companheiros-para-as-criancas\/\">Porque \u00e9 que os animais s\u00e3o bons companheiros para as crian\u00e7as?<\/a><\/strong><\/li>\n<!-- \/wp:list-item --><\/ul>\n<!-- \/wp:list -->\n\n<!-- wp:paragraph {\"style\":{\"color\":{\"background\":\"#eeeeeeed\"}}} -->\n<p class=\"has-background\" style=\"background-color:#eeeeeeed\">Na <strong><a href=\"https:\/\/www.kiwoko.pt\/\" target=\"_blank\" rel=\"noopener\" title=\"\">Kiwoko<\/a><\/strong>, unimos for\u00e7as com associa\u00e7\u00f5es e abrigos para incentivar a ado\u00e7\u00e3o e acabar com o abandono. Se quiser beneficiar da melhor companhia e fazer crescer a sua fam\u00edlia, n\u00e3o perca o nosso post \u201c<strong><a href=\"https:\/\/www.kiwoko.pt\/blog\/requisitos-a-considerar-antes-de-adotar-um-animal\/\">Tudo o que precisa de saber antes de adotar<\/a><\/strong>\"!<\/p>\n<!-- \/wp:paragraph -->","protected":false},"excerpt":{"rendered":"<p>Na Kiwoko, queremos dar a estes queridos amigos de quatro patas a import\u00e2ncia e o valor que merecem, e gostar\u00edamos que tamb\u00e9m marcasse no seu calend\u00e1rio esta data. Se est\u00e1 a pensar em adotar um novo membro da fam\u00edlia, neste artigo vamos explicar-lhe todos os aspetos positivos da ado\u00e7\u00e3o de um c\u00e3o mesti\u00e7o. Se j\u00e1 [&hellip;]<\/p>\n","protected":false},"author":23,"featured_media":12016,"comment_status":"open","ping_status":"open","sticky":false,"template":"","format":"standard","meta":{"_acf_changed":false,"_uag_custom_page_level_css":"","footnotes":""},"categories":[6,53],"tags":[75,84],"class_list":["post-12012","post","type-post","status-publish","format-standard","has-post-thumbnail","hentry","category-caes","category-mundo-kiwoko","tag-adocao","tag-eventos"],"acf":[],"uagb_featured_image_src":{"full":["https:\/\/www.kiwoko.pt\/blog\/wp-content\/uploads\/2025\/05\/Dia-Internacional-do-Cao-sem-Raca-Kiwoko.jpg",1180,500,false],"thumbnail":["https:\/\/www.kiwoko.pt\/blog\/wp-content\/uploads\/2025\/05\/Dia-Internacional-do-Cao-sem-Raca-Kiwoko-150x150.jpg",150,150,true],"medium":["https:\/\/www.kiwoko.pt\/blog\/wp-content\/uploads\/2025\/05\/Dia-Internacional-do-Cao-sem-Raca-Kiwoko-300x127.jpg",300,127,true],"medium_large":["https:\/\/www.kiwoko.pt\/blog\/wp-content\/uploads\/2025\/05\/Dia-Internacional-do-Cao-sem-Raca-Kiwoko-768x325.jpg",768,325,true],"large":["https:\/\/www.kiwoko.pt\/blog\/wp-content\/uploads\/2025\/05\/Dia-Internacional-do-Cao-sem-Raca-Kiwoko-1024x434.jpg",1024,434,true],"1536x1536":["https:\/\/www.kiwoko.pt\/blog\/wp-content\/uploads\/2025\/05\/Dia-Internacional-do-Cao-sem-Raca-Kiwoko.jpg",1180,500,false],"2048x2048":["https:\/\/www.kiwoko.pt\/blog\/wp-content\/uploads\/2025\/05\/Dia-Internacional-do-Cao-sem-Raca-Kiwoko.jpg",1180,500,false]},"uagb_author_info":{"display_name":"Carla","author_link":"https:\/\/www.kiwoko.pt\/blog\/author\/carla\/"},"uagb_comment_info":0,"uagb_excerpt":"Na Kiwoko, queremos dar a estes queridos amigos de quatro patas a import\u00e2ncia e o valor que merecem, e gostar\u00edamos que tamb\u00e9m marcasse no seu calend\u00e1rio esta data. Se est\u00e1 a pensar em adotar um novo membro da fam\u00edlia, neste artigo vamos explicar-lhe todos os aspetos positivos da ado\u00e7\u00e3o de um c\u00e3o mesti\u00e7o. Se j\u00e1&hellip;","_links":{"self":[{"href":"https:\/\/www.kiwoko.pt\/blog\/wp-json\/wp\/v2\/posts\/12012","targetHints":{"allow":["GET"]}}],"collection":[{"href":"https:\/\/www.kiwoko.pt\/blog\/wp-json\/wp\/v2\/posts"}],"about":[{"href":"https:\/\/www.kiwoko.pt\/blog\/wp-json\/wp\/v2\/types\/post"}],"author":[{"embeddable":true,"href":"https:\/\/www.kiwoko.pt\/blog\/wp-json\/wp\/v2\/users\/23"}],"replies":[{"embeddable":true,"href":"https:\/\/www.kiwoko.pt\/blog\/wp-json\/wp\/v2\/comments?post=12012"}],"version-history":[{"count":4,"href":"https:\/\/www.kiwoko.pt\/blog\/wp-json\/wp\/v2\/posts\/12012\/revisions"}],"predecessor-version":[{"id":12017,"href":"https:\/\/www.kiwoko.pt\/blog\/wp-json\/wp\/v2\/posts\/12012\/revisions\/12017"}],"wp:featuredmedia":[{"embeddable":true,"href":"https:\/\/www.kiwoko.pt\/blog\/wp-json\/wp\/v2\/media\/12016"}],"wp:attachment":[{"href":"https:\/\/www.kiwoko.pt\/blog\/wp-json\/wp\/v2\/media?parent=12012"}],"wp:term":[{"taxonomy":"category","embeddable":true,"href":"https:\/\/www.kiwoko.pt\/blog\/wp-json\/wp\/v2\/categories?post=12012"},{"taxonomy":"post_tag","embeddable":true,"href":"https:\/\/www.kiwoko.pt\/blog\/wp-json\/wp\/v2\/tags?post=12012"}],"curies":[{"name":"wp","href":"https:\/\/api.w.org\/{rel}","templated":true}]}}