{"id":11811,"date":"2025-03-20T09:07:13","date_gmt":"2025-03-20T09:07:13","guid":{"rendered":"https:\/\/www.kiwoko.pt\/blog\/?p=11811"},"modified":"2025-03-20T09:07:13","modified_gmt":"2025-03-20T09:07:13","slug":"abertura-kiwoko-braga-lamacaes","status":"publish","type":"post","link":"https:\/\/www.kiwoko.pt\/blog\/abertura-kiwoko-braga-lamacaes\/","title":{"rendered":"Festa de inaugura\u00e7\u00e3o em Braga!"},"content":{"rendered":"<!-- wp:paragraph -->\n<p>Temos uma grande not\u00edcia!<\/p>\n<!-- \/wp:paragraph -->\n\n<!-- wp:paragraph -->\n<p>A partir do dia <strong>28 de mar\u00e7o<\/strong>, tem encontro marcado connosco na <strong>nova loja de animais Kiwoko em Lama\u00e7\u00e3es, Braga<\/strong>. Vai perder a nossa abertura?<\/p>\n<!-- \/wp:paragraph -->\n\n<!-- wp:heading -->\n<h2 class=\"wp-block-heading\">Como a celebraremos?&nbsp;<\/h2>\n<!-- \/wp:heading -->\n\n<!-- wp:paragraph -->\n<p>A Kiwoko ir\u00e1 promover uma festa de abertura e, por isso, organizamos um dia repleto de surpresas na nossa <strong>megaloja de animais de estima\u00e7\u00e3o em Braga<\/strong>. Reserve espa\u00e7o na sua agenda para este grande dia desde as <strong>09h00 at\u00e9 \u00e0s 21h00<\/strong>, sem interrup\u00e7\u00f5es.<\/p>\n<!-- \/wp:paragraph -->\n\n<!-- wp:heading -->\n<h2 class=\"wp-block-heading\">O que encontrar\u00e1 na loja Kiwoko de Braga?<\/h2>\n<!-- \/wp:heading -->\n\n<!-- wp:paragraph -->\n<p>Mais de 800m2, com mais de 5 000 produtos em loja, para <a href=\"https:\/\/www.kiwoko.pt\/caes\/\" target=\"_blank\" rel=\"noopener\" title=\"\"><strong>c\u00e3es<\/strong><\/a><strong>, <\/strong><a href=\"https:\/\/www.kiwoko.pt\/gatos\/\" target=\"_blank\" rel=\"noopener\" title=\"\"><strong>gatos<\/strong><\/a><strong>, <\/strong><a href=\"https:\/\/www.kiwoko.pt\/roedores-e-outros\/\" target=\"_blank\" rel=\"noopener\" title=\"\"><strong>pequenos mam\u00edferos<\/strong><\/a><strong>, <\/strong><a href=\"https:\/\/www.kiwoko.pt\/passaros\/\" target=\"_blank\" rel=\"noopener\" title=\"\"><strong>p\u00e1ssaros<\/strong><\/a><strong>, <\/strong><a href=\"https:\/\/www.kiwoko.pt\/peixes\/\" target=\"_blank\" rel=\"noopener\" title=\"\"><strong>peixes<\/strong><\/a><strong> e <\/strong><a href=\"https:\/\/www.kiwoko.pt\/repteis\/\" target=\"_blank\" rel=\"noopener\" title=\"\"><strong>r\u00e9pteis<\/strong><\/a> e 10 000 produtos por encomenda para os animais de estima\u00e7\u00e3o. \u00c9 a sua loja ideal, onde encontrar\u00e1 <strong>tudo aquilo que precisa para que o seu melhor amigo<\/strong> seja saud\u00e1vel e feliz<\/p>\n<!-- \/wp:paragraph -->\n\n<!-- wp:paragraph -->\n<p>E, tal <strong>como em todas as lojas Kiwoko<\/strong>, ter\u00e1 uma equipa de especialistas que ter\u00e3o todo o prazer em aconselhar e esclarecer d\u00favidas que lhe possam surgir a respeito do seu animal de estima\u00e7\u00e3o.<\/p>\n<!-- \/wp:paragraph -->\n\n<!-- wp:paragraph {\"style\":{\"color\":{\"background\":\"#eeeeeeed\"}}} -->\n<p class=\"has-background\" style=\"background-color:#eeeeeeed\">Para celebrar <strong>de 28 a 30 de mar\u00e7o<\/strong>, ter\u00e1 um <strong>desconto de 20% em tudo<\/strong> (n\u00e3o incluindo medicamentos veterin\u00e1rios, animais e servi\u00e7os).<\/p>\n<!-- \/wp:paragraph -->\n\n<!-- wp:image {\"id\":11892,\"sizeSlug\":\"full\",\"linkDestination\":\"none\",\"align\":\"center\"} -->\n<figure class=\"wp-block-image aligncenter size-full\"><img decoding=\"async\" width=\"600\" height=\"400\" data-src=\"https:\/\/www.kiwoko.pt\/blog\/wp-content\/uploads\/2025\/03\/abertura-braga-desconto.jpg\" alt=\"20 desconto abertura braga\" class=\"wp-image-11892 lazyload\" data-srcset=\"https:\/\/www.kiwoko.pt\/blog\/wp-content\/uploads\/2025\/03\/abertura-braga-desconto.jpg 600w, https:\/\/www.kiwoko.pt\/blog\/wp-content\/uploads\/2025\/03\/abertura-braga-desconto-300x200.jpg 300w\" data-sizes=\"(max-width: 600px) 100vw, 600px\" src=\"data:image\/svg+xml;base64,PHN2ZyB3aWR0aD0iMSIgaGVpZ2h0PSIxIiB4bWxucz0iaHR0cDovL3d3dy53My5vcmcvMjAwMC9zdmciPjwvc3ZnPg==\" style=\"--smush-placeholder-width: 600px; --smush-placeholder-aspect-ratio: 600\/400;\" \/><\/figure>\n<!-- \/wp:image -->\n\n<!-- wp:paragraph {\"style\":{\"color\":{\"background\":\"#eeeeeeed\"}}} -->\n<p class=\"has-background\" style=\"background-color:#eeeeeeed\">Al\u00e9m disso, de <strong>31 de mar\u00e7o a 14 de abril receber\u00e1 um cup\u00e3o de 6\u20ac <\/strong>para utilizar nas suas pr\u00f3ximas compras de 31 de mar\u00e7o a 31 de maio.<\/p>\n<!-- \/wp:paragraph -->\n\n<!-- wp:image {\"id\":11893,\"sizeSlug\":\"full\",\"linkDestination\":\"none\",\"align\":\"center\"} -->\n<figure class=\"wp-block-image aligncenter size-full\"><img decoding=\"async\" width=\"600\" height=\"300\" data-src=\"https:\/\/www.kiwoko.pt\/blog\/wp-content\/uploads\/2025\/03\/cupao-desconto-abertura-braga.jpg\" alt=\"abertura braga cupao\" class=\"wp-image-11893 lazyload\" data-srcset=\"https:\/\/www.kiwoko.pt\/blog\/wp-content\/uploads\/2025\/03\/cupao-desconto-abertura-braga.jpg 600w, https:\/\/www.kiwoko.pt\/blog\/wp-content\/uploads\/2025\/03\/cupao-desconto-abertura-braga-300x150.jpg 300w\" data-sizes=\"(max-width: 600px) 100vw, 600px\" src=\"data:image\/svg+xml;base64,PHN2ZyB3aWR0aD0iMSIgaGVpZ2h0PSIxIiB4bWxucz0iaHR0cDovL3d3dy53My5vcmcvMjAwMC9zdmciPjwvc3ZnPg==\" style=\"--smush-placeholder-width: 600px; --smush-placeholder-aspect-ratio: 600\/300;\" \/><\/figure>\n<!-- \/wp:image -->\n\n<!-- wp:paragraph -->\n<p>Venha \u00e0 festa de abertura da nossa <strong>nova loja de animais Kiwoko Braga<\/strong> no dia <strong>29 de mar\u00e7o<\/strong>! Encontrar\u00e3o muitas surpresas para o vosso melhor amigo.<\/p>\n<!-- \/wp:paragraph -->\n\n<!-- wp:heading -->\n<h2 class=\"wp-block-heading\">Onde fica a nova loja?<\/h2>\n<!-- \/wp:heading -->\n\n<!-- wp:table {\"hasFixedLayout\":false,\"className\":\"is-style-stripes\",\"style\":{\"color\":{\"background\":\"#d8d8d8\"}}} -->\n<figure class=\"wp-block-table is-style-stripes\"><table class=\"has-background\" style=\"background-color:#d8d8d8\"><tbody><tr><td><strong>Dire\u00e7\u00e3o<\/strong><\/td><td>Lugar da Arcela, Lamac\u00e3es, 4710-104 Braga<\/td><\/tr><tr><td><strong>Mail<\/strong><\/td><td>braga.makro@Kiwoko.com<\/td><\/tr><tr><td><strong>Telefone<\/strong><\/td><td>253 141 967<\/td><\/tr><tr><td><strong>Hor\u00e1rio<\/strong><\/td><td>De Segunda a Domingo, das 09h \u00e0s 21h.<\/td><\/tr><\/tbody><\/table><\/figure>\n<!-- \/wp:table -->\n\n<!-- wp:paragraph {\"align\":\"center\",\"style\":{\"color\":{\"background\":\"#eeeeeeed\"}}} -->\n<p class=\"has-text-align-center has-background\" style=\"background-color:#eeeeeeed\">\u00c9 com entusiasmo que esperamos por si, nesta nova abertura da <a href=\"https:\/\/lojas.kiwoko.pt\/\" target=\"_blank\" rel=\"noopener\" title=\"\"><strong>Kiwoko em Portugal<\/strong><\/a>. Estaremos <strong>abertos a partir do dia 28 de mar\u00e7o<\/strong>. Contamos consigo!<\/p>\n<!-- \/wp:paragraph -->","protected":false},"excerpt":{"rendered":"<p>Temos uma grande not\u00edcia! A partir do dia 28 de mar\u00e7o, tem encontro marcado connosco na nova loja de animais Kiwoko em Lama\u00e7\u00e3es, Braga. Vai perder a nossa abertura? Como a celebraremos?&nbsp; A Kiwoko ir\u00e1 promover uma festa de abertura e, por isso, organizamos um dia repleto de surpresas na nossa megaloja de animais de [&hellip;]<\/p>\n","protected":false},"author":23,"featured_media":11812,"comment_status":"open","ping_status":"open","sticky":false,"template":"","format":"standard","meta":{"_acf_changed":false,"_uag_custom_page_level_css":"","footnotes":""},"categories":[53],"tags":[67],"class_list":["post-11811","post","type-post","status-publish","format-standard","has-post-thumbnail","hentry","category-mundo-kiwoko","tag-aberturas"],"acf":[],"uagb_featured_image_src":{"full":["https:\/\/www.kiwoko.pt\/blog\/wp-content\/uploads\/2025\/03\/kiwoko-braga-jpeg.webp",1180,500,false],"thumbnail":["https:\/\/www.kiwoko.pt\/blog\/wp-content\/uploads\/2025\/03\/kiwoko-braga-150x150.webp",150,150,true],"medium":["https:\/\/www.kiwoko.pt\/blog\/wp-content\/uploads\/2025\/03\/kiwoko-braga-300x127.webp",300,127,true],"medium_large":["https:\/\/www.kiwoko.pt\/blog\/wp-content\/uploads\/2025\/03\/kiwoko-braga-768x325.webp",768,325,true],"large":["https:\/\/www.kiwoko.pt\/blog\/wp-content\/uploads\/2025\/03\/kiwoko-braga-1024x434.webp",1024,434,true],"1536x1536":["https:\/\/www.kiwoko.pt\/blog\/wp-content\/uploads\/2025\/03\/kiwoko-braga-jpeg.webp",1180,500,false],"2048x2048":["https:\/\/www.kiwoko.pt\/blog\/wp-content\/uploads\/2025\/03\/kiwoko-braga-jpeg.webp",1180,500,false]},"uagb_author_info":{"display_name":"Carla","author_link":"https:\/\/www.kiwoko.pt\/blog\/author\/carla\/"},"uagb_comment_info":0,"uagb_excerpt":"Temos uma grande not\u00edcia! A partir do dia 28 de mar\u00e7o, tem encontro marcado connosco na nova loja de animais Kiwoko em Lama\u00e7\u00e3es, Braga. Vai perder a nossa abertura? Como a celebraremos?&nbsp; A Kiwoko ir\u00e1 promover uma festa de abertura e, por isso, organizamos um dia repleto de surpresas na nossa megaloja de animais de&hellip;","_links":{"self":[{"href":"https:\/\/www.kiwoko.pt\/blog\/wp-json\/wp\/v2\/posts\/11811","targetHints":{"allow":["GET"]}}],"collection":[{"href":"https:\/\/www.kiwoko.pt\/blog\/wp-json\/wp\/v2\/posts"}],"about":[{"href":"https:\/\/www.kiwoko.pt\/blog\/wp-json\/wp\/v2\/types\/post"}],"author":[{"embeddable":true,"href":"https:\/\/www.kiwoko.pt\/blog\/wp-json\/wp\/v2\/users\/23"}],"replies":[{"embeddable":true,"href":"https:\/\/www.kiwoko.pt\/blog\/wp-json\/wp\/v2\/comments?post=11811"}],"version-history":[{"count":4,"href":"https:\/\/www.kiwoko.pt\/blog\/wp-json\/wp\/v2\/posts\/11811\/revisions"}],"predecessor-version":[{"id":12853,"href":"https:\/\/www.kiwoko.pt\/blog\/wp-json\/wp\/v2\/posts\/11811\/revisions\/12853"}],"wp:featuredmedia":[{"embeddable":true,"href":"https:\/\/www.kiwoko.pt\/blog\/wp-json\/wp\/v2\/media\/11812"}],"wp:attachment":[{"href":"https:\/\/www.kiwoko.pt\/blog\/wp-json\/wp\/v2\/media?parent=11811"}],"wp:term":[{"taxonomy":"category","embeddable":true,"href":"https:\/\/www.kiwoko.pt\/blog\/wp-json\/wp\/v2\/categories?post=11811"},{"taxonomy":"post_tag","embeddable":true,"href":"https:\/\/www.kiwoko.pt\/blog\/wp-json\/wp\/v2\/tags?post=11811"}],"curies":[{"name":"wp","href":"https:\/\/api.w.org\/{rel}","templated":true}]}}